
{"id":37301,"date":"2014-05-20T21:36:03","date_gmt":"2014-05-21T00:36:03","guid":{"rendered":"http:\/\/www.sudoestehoje.com.br\/novoportal\/?p=37301"},"modified":"2014-05-20T21:36:03","modified_gmt":"2014-05-21T00:36:03","slug":"governador-do-mato-grosso-e-preso-pela-pf-e-liberado-sob-fianca","status":"publish","type":"post","link":"https:\/\/www.sudoestehoje.com.br\/novoportal\/2014\/05\/20\/governador-do-mato-grosso-e-preso-pela-pf-e-liberado-sob-fianca\/","title":{"rendered":"GOVERNADOR DO MATO GROSSO \u00c9 PRESO PELA PF E LIBERADO SOB FIAN\u00c7A"},"content":{"rendered":"<p><a href=\"http:\/\/www.sudoestehoje.com.br\/novoportal\/wp-content\/uploads\/2014\/05\/GOVERNADOR-PRESO.jpg\"><img loading=\"lazy\" decoding=\"async\" class=\"aligncenter size-medium wp-image-37302\" alt=\"GOVERNADOR PRESO\" src=\"http:\/\/www.sudoestehoje.com.br\/novoportal\/wp-content\/uploads\/2014\/05\/GOVERNADOR-PRESO-500x271.jpg\" width=\"500\" height=\"271\" srcset=\"https:\/\/www.sudoestehoje.com.br\/novoportal\/wp-content\/uploads\/2014\/05\/GOVERNADOR-PRESO-500x271.jpg 500w, https:\/\/www.sudoestehoje.com.br\/novoportal\/wp-content\/uploads\/2014\/05\/GOVERNADOR-PRESO.jpg 590w\" sizes=\"auto, (max-width: 500px) 100vw, 500px\" \/><\/a><\/p>\n<p>Agentes da Pol\u00edcia Federal prenderam na tarde desta ter\u00e7a-feira, 20, o governador do Mato Grosso, Silval Barbosa (PMDB), na quinta fase da opera\u00e7\u00e3o Ararath. Durante as buscas na resid\u00eancia de Silval, foi encontrada uma arma com registro vencido, o que levou a Pol\u00edcia Federal a lavrar o auto de pris\u00e3o contra o governador.<\/p>\n<p>O governador entrou por volta do meio dia na sede da na sede da Pol\u00edcia Federal em Mato Grosso, acompanhado dos advogados, Ulisses Rabaneda e V\u00e1lber Melo, e foi liberado por volta das 17 horas, ap\u00f3s pagar fian\u00e7a \u2013 por se tratar de um crime de menor poder ofensivo. Segundo a secretaria de comunica\u00e7\u00e3o do estado, o governador \u201ccompareceu espontaneamente\u201d.<\/p>\n<p>A assessoria da PF informou que foram realizadas buscas nas resid\u00eancias do governador e do conselheiro do Tribunal de Contas do Estado o ex-deputado S\u00e9rgio Ricardo. Leia mais no\u00a0<a href=\"http:\/\/blogs.estadao.com.br\/radar-politico\/2014\/05\/20\/policia-federal-prende-governador-de-mato-grosso\/\" target=\"_blank\">Estad\u00e3o<\/a>.<\/p>\n","protected":false},"excerpt":{"rendered":"<p>Agentes da Pol\u00edcia Federal prenderam na tarde desta ter\u00e7a-feira, 20, o governador do Mato Grosso, Silval Barbosa (PMDB), na quinta fase da opera\u00e7\u00e3o Ararath. Durante as buscas na resid\u00eancia de Silval, foi encontrada uma arma com registro vencido, o que levou a Pol\u00edcia Federal a lavrar o auto de pris\u00e3o contra o governador. O governador [&hellip;]<\/p>\n","protected":false},"author":2,"featured_media":0,"comment_status":"open","ping_status":"open","sticky":false,"template":"","format":"standard","meta":{"footnotes":"","_links_to":"","_links_to_target":""},"categories":[1],"tags":[],"class_list":["post-37301","post","type-post","status-publish","format-standard","hentry","category-geral"],"views":1236,"_links":{"self":[{"href":"https:\/\/www.sudoestehoje.com.br\/novoportal\/wp-json\/wp\/v2\/posts\/37301","targetHints":{"allow":["GET"]}}],"collection":[{"href":"https:\/\/www.sudoestehoje.com.br\/novoportal\/wp-json\/wp\/v2\/posts"}],"about":[{"href":"https:\/\/www.sudoestehoje.com.br\/novoportal\/wp-json\/wp\/v2\/types\/post"}],"author":[{"embeddable":true,"href":"https:\/\/www.sudoestehoje.com.br\/novoportal\/wp-json\/wp\/v2\/users\/2"}],"replies":[{"embeddable":true,"href":"https:\/\/www.sudoestehoje.com.br\/novoportal\/wp-json\/wp\/v2\/comments?post=37301"}],"version-history":[{"count":1,"href":"https:\/\/www.sudoestehoje.com.br\/novoportal\/wp-json\/wp\/v2\/posts\/37301\/revisions"}],"predecessor-version":[{"id":37303,"href":"https:\/\/www.sudoestehoje.com.br\/novoportal\/wp-json\/wp\/v2\/posts\/37301\/revisions\/37303"}],"wp:attachment":[{"href":"https:\/\/www.sudoestehoje.com.br\/novoportal\/wp-json\/wp\/v2\/media?parent=37301"}],"wp:term":[{"taxonomy":"category","embeddable":true,"href":"https:\/\/www.sudoestehoje.com.br\/novoportal\/wp-json\/wp\/v2\/categories?post=37301"},{"taxonomy":"post_tag","embeddable":true,"href":"https:\/\/www.sudoestehoje.com.br\/novoportal\/wp-json\/wp\/v2\/tags?post=37301"}],"curies":[{"name":"wp","href":"https:\/\/api.w.org\/{rel}","templated":true}]}}