
{"id":37292,"date":"2014-05-20T21:11:23","date_gmt":"2014-05-21T00:11:23","guid":{"rendered":"http:\/\/www.sudoestehoje.com.br\/novoportal\/?p=37292"},"modified":"2014-05-20T21:11:58","modified_gmt":"2014-05-21T00:11:58","slug":"professores-municipais-paralisam-atividades-nesta-quarta","status":"publish","type":"post","link":"https:\/\/www.sudoestehoje.com.br\/novoportal\/2014\/05\/20\/professores-municipais-paralisam-atividades-nesta-quarta\/","title":{"rendered":"PROFESSORES MUNICIPAIS PARALISAM ATIVIDADES NESTA QUARTA"},"content":{"rendered":"<p><img decoding=\"async\" class=\"alignleft\" alt=\"APLB ASSEMBL 16.05.2014\" src=\"http:\/\/blogdozeferreira.com.br\/blog\/wp-content\/uploads\/2014\/05\/APLB-ASSEMBL-16.05.2014_thumb.jpg\" width=\"300\" \/><\/p>\n<p>Os professores da Rede Municipal de Ensino decidiram em assembl\u00e9ia realizada na \u00faltima sexta-feira (16), pela paralisa\u00e7\u00e3o total das suas atividades nesta quarta-feira (21), em \u00a0protesto pela falta de reajuste salarial e pela implanta\u00e7\u00e3o do Plano de Carreira Unificado da categoria,\u00a0depois de duas tentativas de audi\u00eancia sem sucesso com o prefeito, e pela demonstra\u00e7\u00e3o de descaso da secret\u00e1ria de educa\u00e7\u00e3o Sibele Neri em rela\u00e7\u00e3o \u00e0s reivindica\u00e7\u00f5es da classe.<\/p>\n<p>Em nota, o presidente da APLB, Renan Coelho, afirmou discordar da postura da administra\u00e7\u00e3o municipal, que vem tratando as reivindica\u00e7\u00f5es dos servidores da educa\u00e7\u00e3o, com descaso. Depois de duas audi\u00eancias nenhuma proposta salarial foi apresentada. Informa\u00e7\u00f5es Blog do Z\u00e9 Ferreira<\/p>\n","protected":false},"excerpt":{"rendered":"<p>Os professores da Rede Municipal de Ensino decidiram em assembl\u00e9ia realizada na \u00faltima sexta-feira (16), pela paralisa\u00e7\u00e3o total das suas atividades nesta quarta-feira (21), em \u00a0protesto pela falta de reajuste salarial e pela implanta\u00e7\u00e3o do Plano de Carreira Unificado da categoria,\u00a0depois de duas tentativas de audi\u00eancia sem sucesso com o prefeito, e pela demonstra\u00e7\u00e3o de [&hellip;]<\/p>\n","protected":false},"author":2,"featured_media":0,"comment_status":"open","ping_status":"open","sticky":false,"template":"","format":"standard","meta":{"footnotes":"","_links_to":"","_links_to_target":""},"categories":[1],"tags":[],"class_list":["post-37292","post","type-post","status-publish","format-standard","hentry","category-geral"],"views":1255,"_links":{"self":[{"href":"https:\/\/www.sudoestehoje.com.br\/novoportal\/wp-json\/wp\/v2\/posts\/37292","targetHints":{"allow":["GET"]}}],"collection":[{"href":"https:\/\/www.sudoestehoje.com.br\/novoportal\/wp-json\/wp\/v2\/posts"}],"about":[{"href":"https:\/\/www.sudoestehoje.com.br\/novoportal\/wp-json\/wp\/v2\/types\/post"}],"author":[{"embeddable":true,"href":"https:\/\/www.sudoestehoje.com.br\/novoportal\/wp-json\/wp\/v2\/users\/2"}],"replies":[{"embeddable":true,"href":"https:\/\/www.sudoestehoje.com.br\/novoportal\/wp-json\/wp\/v2\/comments?post=37292"}],"version-history":[{"count":2,"href":"https:\/\/www.sudoestehoje.com.br\/novoportal\/wp-json\/wp\/v2\/posts\/37292\/revisions"}],"predecessor-version":[{"id":37294,"href":"https:\/\/www.sudoestehoje.com.br\/novoportal\/wp-json\/wp\/v2\/posts\/37292\/revisions\/37294"}],"wp:attachment":[{"href":"https:\/\/www.sudoestehoje.com.br\/novoportal\/wp-json\/wp\/v2\/media?parent=37292"}],"wp:term":[{"taxonomy":"category","embeddable":true,"href":"https:\/\/www.sudoestehoje.com.br\/novoportal\/wp-json\/wp\/v2\/categories?post=37292"},{"taxonomy":"post_tag","embeddable":true,"href":"https:\/\/www.sudoestehoje.com.br\/novoportal\/wp-json\/wp\/v2\/tags?post=37292"}],"curies":[{"name":"wp","href":"https:\/\/api.w.org\/{rel}","templated":true}]}}