
{"id":37280,"date":"2014-05-20T15:34:58","date_gmt":"2014-05-20T18:34:58","guid":{"rendered":"http:\/\/www.sudoestehoje.com.br\/novoportal\/?p=37280"},"modified":"2014-05-20T15:35:59","modified_gmt":"2014-05-20T18:35:59","slug":"pt-de-itapetinga-tem-novos-dirigentes","status":"publish","type":"post","link":"https:\/\/www.sudoestehoje.com.br\/novoportal\/2014\/05\/20\/pt-de-itapetinga-tem-novos-dirigentes\/","title":{"rendered":"PT DE ITAPETINGA TEM NOVOS DIRIGENTES"},"content":{"rendered":"<p><a href=\"http:\/\/www.sudoestehoje.com.br\/novoportal\/wp-content\/uploads\/2014\/05\/James-Rui-e-Andr\u00e9-pt-itapetinga.jpg\"><img loading=\"lazy\" decoding=\"async\" class=\"aligncenter size-medium wp-image-37281\" alt=\"James-Rui-e-Andr\u00e9-pt-itapetinga\" src=\"http:\/\/www.sudoestehoje.com.br\/novoportal\/wp-content\/uploads\/2014\/05\/James-Rui-e-Andr\u00e9-pt-itapetinga-500x333.jpg\" width=\"500\" height=\"333\" srcset=\"https:\/\/www.sudoestehoje.com.br\/novoportal\/wp-content\/uploads\/2014\/05\/James-Rui-e-Andr\u00e9-pt-itapetinga-500x333.jpg 500w, https:\/\/www.sudoestehoje.com.br\/novoportal\/wp-content\/uploads\/2014\/05\/James-Rui-e-Andr\u00e9-pt-itapetinga-700x466.jpg 700w, https:\/\/www.sudoestehoje.com.br\/novoportal\/wp-content\/uploads\/2014\/05\/James-Rui-e-Andr\u00e9-pt-itapetinga.jpg 732w\" sizes=\"auto, (max-width: 500px) 100vw, 500px\" \/><\/a><\/p>\n<p>James Alves \u00e9 o novo presidente do diret\u00f3rio do PT de Itapetinga, que ter\u00e1 como vice Andr\u00e9 Dantas. A posse ocorreu no \u00faltimo domingo (18), com a presen\u00e7a dos deputados estaduais Paulo Rangel e Rosemberg Pinto e dos federais Josias Gomes e Geraldo Sim\u00f5es.<\/p>\n<p>O novo dirigente afirmou que o partido est\u00e1 estruturado para as elei\u00e7\u00f5es estaduais e nacionais em 2014, al\u00e9m de garantir apoio \u00e0 gest\u00e3o do prefeito Jos\u00e9 Carlos Moura, tamb\u00e9m do PT.<\/p>\n<p>James e o vice-presidente, Andr\u00e9 Dantas, tamb\u00e9m acompanharam, no domingo, o pr\u00e9-candidato do PT a governador da Bahia, Rui Costa, que visitou a exposi\u00e7\u00e3o agropecu\u00e1ria de Itapetinga, uma das mais tradicionais da Bahia. Pimenta<\/p>\n","protected":false},"excerpt":{"rendered":"<p>James Alves \u00e9 o novo presidente do diret\u00f3rio do PT de Itapetinga, que ter\u00e1 como vice Andr\u00e9 Dantas. A posse ocorreu no \u00faltimo domingo (18), com a presen\u00e7a dos deputados estaduais Paulo Rangel e Rosemberg Pinto e dos federais Josias Gomes e Geraldo Sim\u00f5es. O novo dirigente afirmou que o partido est\u00e1 estruturado para as [&hellip;]<\/p>\n","protected":false},"author":2,"featured_media":0,"comment_status":"open","ping_status":"open","sticky":false,"template":"","format":"standard","meta":{"footnotes":"","_links_to":"","_links_to_target":""},"categories":[1],"tags":[],"class_list":["post-37280","post","type-post","status-publish","format-standard","hentry","category-geral"],"views":1227,"_links":{"self":[{"href":"https:\/\/www.sudoestehoje.com.br\/novoportal\/wp-json\/wp\/v2\/posts\/37280","targetHints":{"allow":["GET"]}}],"collection":[{"href":"https:\/\/www.sudoestehoje.com.br\/novoportal\/wp-json\/wp\/v2\/posts"}],"about":[{"href":"https:\/\/www.sudoestehoje.com.br\/novoportal\/wp-json\/wp\/v2\/types\/post"}],"author":[{"embeddable":true,"href":"https:\/\/www.sudoestehoje.com.br\/novoportal\/wp-json\/wp\/v2\/users\/2"}],"replies":[{"embeddable":true,"href":"https:\/\/www.sudoestehoje.com.br\/novoportal\/wp-json\/wp\/v2\/comments?post=37280"}],"version-history":[{"count":2,"href":"https:\/\/www.sudoestehoje.com.br\/novoportal\/wp-json\/wp\/v2\/posts\/37280\/revisions"}],"predecessor-version":[{"id":37283,"href":"https:\/\/www.sudoestehoje.com.br\/novoportal\/wp-json\/wp\/v2\/posts\/37280\/revisions\/37283"}],"wp:attachment":[{"href":"https:\/\/www.sudoestehoje.com.br\/novoportal\/wp-json\/wp\/v2\/media?parent=37280"}],"wp:term":[{"taxonomy":"category","embeddable":true,"href":"https:\/\/www.sudoestehoje.com.br\/novoportal\/wp-json\/wp\/v2\/categories?post=37280"},{"taxonomy":"post_tag","embeddable":true,"href":"https:\/\/www.sudoestehoje.com.br\/novoportal\/wp-json\/wp\/v2\/tags?post=37280"}],"curies":[{"name":"wp","href":"https:\/\/api.w.org\/{rel}","templated":true}]}}