
{"id":37277,"date":"2014-05-20T15:20:21","date_gmt":"2014-05-20T18:20:21","guid":{"rendered":"http:\/\/www.sudoestehoje.com.br\/novoportal\/?p=37277"},"modified":"2014-05-20T15:20:21","modified_gmt":"2014-05-20T18:20:21","slug":"heraldo-rocha-corrige-erro-de-concordancia-em-comercial-do-pt","status":"publish","type":"post","link":"https:\/\/www.sudoestehoje.com.br\/novoportal\/2014\/05\/20\/heraldo-rocha-corrige-erro-de-concordancia-em-comercial-do-pt\/","title":{"rendered":"HERALDO ROCHA CORRIGE ERRO DE CONCORD\u00c2NCIA EM COMERCIAL DO PT"},"content":{"rendered":"<p style=\"text-align: center;\"><a href=\"http:\/\/www.sudoestehoje.com.br\/novoportal\/wp-content\/uploads\/2014\/05\/HERALDO.png\"><img decoding=\"async\" class=\"aligncenter  wp-image-37278\" alt=\"HERALDO\" src=\"http:\/\/www.sudoestehoje.com.br\/novoportal\/wp-content\/uploads\/2014\/05\/HERALDO.png\" width=\"450\" \/><\/a><\/p>\n<p>\u201cSe j\u00e1 n\u00e3o bastasse a desavergonhada propaganda eleitoral, com o ex-presidente Lula fazendo proselitismo, no comercial do PT, o pr\u00e9-candidato do governador Jaques Wagner ainda comete um atentado \u00e0 l\u00edngua portuguesa. A Justi\u00e7a Eleitoral precisa aplicar uma puni\u00e7\u00e3o dobrada ao partido\u201d, reclama o presidente municipal do Democratas, Heraldo Rocha.<\/p>\n<p>Segundo Rocha, \u00e9 assustador o erro de concord\u00e2ncia praticado num comercial de 30 segundos, que foi gravado e editado, mas foi ao ar sem corre\u00e7\u00e3o. \u201cSer\u00e1 que o pr\u00e9-candidato de Wagner n\u00e3o sabe que, em nossa l\u00edngua, \u00e9 necess\u00e1rio concordar o sujeito com o verbo. N\u00e3o \u00e9 \u2018as condi\u00e7\u00f5es vai\u2019, mas \u2018as condi\u00e7\u00f5es v\u00e3o\u2019, rapaz!\u201d, corrige.<\/p>\n<p>Heraldo Rocha sugere que o pr\u00e9 de Wagner se inscreva no Topa para fazer uma reciclagem e convide tamb\u00e9m o ex-secret\u00e1rio de comunica\u00e7\u00e3o petista, que, recentemente em artigo distribu\u00eddo \u00e0 imprensa, escreveu \u201csensor\u201d, quando queria falar de algu\u00e9m que censura, e \u201ctaxar\u201d, quando se referia ao ato de tachar, p\u00f4r defeito em algu\u00e9m. \u201cV\u00e3o pro Topa, minha gente. E lembrem ao secret\u00e1rio de cultura do PT que o autor de \u2018Na Baixa do Sapateiro\u2019 \u00e9 Ary Barroso e, n\u00e3o, Dorival Caymmi\u201d. Pol\u00edtica Livre<\/p>\n","protected":false},"excerpt":{"rendered":"<p>\u201cSe j\u00e1 n\u00e3o bastasse a desavergonhada propaganda eleitoral, com o ex-presidente Lula fazendo proselitismo, no comercial do PT, o pr\u00e9-candidato do governador Jaques Wagner ainda comete um atentado \u00e0 l\u00edngua portuguesa. A Justi\u00e7a Eleitoral precisa aplicar uma puni\u00e7\u00e3o dobrada ao partido\u201d, reclama o presidente municipal do Democratas, Heraldo Rocha. Segundo Rocha, \u00e9 assustador o erro [&hellip;]<\/p>\n","protected":false},"author":2,"featured_media":0,"comment_status":"open","ping_status":"open","sticky":false,"template":"","format":"standard","meta":{"footnotes":"","_links_to":"","_links_to_target":""},"categories":[1],"tags":[],"class_list":["post-37277","post","type-post","status-publish","format-standard","hentry","category-geral"],"views":1365,"_links":{"self":[{"href":"https:\/\/www.sudoestehoje.com.br\/novoportal\/wp-json\/wp\/v2\/posts\/37277","targetHints":{"allow":["GET"]}}],"collection":[{"href":"https:\/\/www.sudoestehoje.com.br\/novoportal\/wp-json\/wp\/v2\/posts"}],"about":[{"href":"https:\/\/www.sudoestehoje.com.br\/novoportal\/wp-json\/wp\/v2\/types\/post"}],"author":[{"embeddable":true,"href":"https:\/\/www.sudoestehoje.com.br\/novoportal\/wp-json\/wp\/v2\/users\/2"}],"replies":[{"embeddable":true,"href":"https:\/\/www.sudoestehoje.com.br\/novoportal\/wp-json\/wp\/v2\/comments?post=37277"}],"version-history":[{"count":1,"href":"https:\/\/www.sudoestehoje.com.br\/novoportal\/wp-json\/wp\/v2\/posts\/37277\/revisions"}],"predecessor-version":[{"id":37279,"href":"https:\/\/www.sudoestehoje.com.br\/novoportal\/wp-json\/wp\/v2\/posts\/37277\/revisions\/37279"}],"wp:attachment":[{"href":"https:\/\/www.sudoestehoje.com.br\/novoportal\/wp-json\/wp\/v2\/media?parent=37277"}],"wp:term":[{"taxonomy":"category","embeddable":true,"href":"https:\/\/www.sudoestehoje.com.br\/novoportal\/wp-json\/wp\/v2\/categories?post=37277"},{"taxonomy":"post_tag","embeddable":true,"href":"https:\/\/www.sudoestehoje.com.br\/novoportal\/wp-json\/wp\/v2\/tags?post=37277"}],"curies":[{"name":"wp","href":"https:\/\/api.w.org\/{rel}","templated":true}]}}