
{"id":37274,"date":"2014-05-20T14:57:23","date_gmt":"2014-05-20T17:57:23","guid":{"rendered":"http:\/\/www.sudoestehoje.com.br\/novoportal\/?p=37274"},"modified":"2014-05-20T19:12:10","modified_gmt":"2014-05-20T22:12:10","slug":"ministro-do-stf-arrepende-e-mantem-doleiro-e-mais-dez-presos","status":"publish","type":"post","link":"https:\/\/www.sudoestehoje.com.br\/novoportal\/2014\/05\/20\/ministro-do-stf-arrepende-e-mantem-doleiro-e-mais-dez-presos\/","title":{"rendered":"MINISTRO DO STF SE ARREPENDE E MANT\u00c9M DOLEIRO E MAIS DEZ PRESOS"},"content":{"rendered":"<p><a href=\"http:\/\/www.sudoestehoje.com.br\/novoportal\/wp-content\/uploads\/2014\/05\/SAVASK.jpg\"><img loading=\"lazy\" decoding=\"async\" class=\"size-full wp-image-37275 alignleft\" alt=\"SAVASK\" src=\"http:\/\/www.sudoestehoje.com.br\/novoportal\/wp-content\/uploads\/2014\/05\/SAVASK.jpg\" width=\"300\" height=\"215\" \/><\/a><\/p>\n<p>O ministro do Supremo Tribunal Federal (STF)\u00a0Teori Zavascki\u00a0\u00a0reconsiderou decis\u00e3o que havia\u00a0<strong><a href=\"http:\/\/www.bahianoticias.com.br\/noticia\/154654-ministro-do-stf-manda-soltar-ex-diretor-da-petrobras-e-youssef.html\" target=\"_blank\">liberado da pris\u00e3o<\/a><\/strong>\u00a0todos os doze investigados da Opera\u00e7\u00e3o Lava Jato, informa a Folha. Com a mudan\u00e7a, o doleiro Alberto Youssef continua detido. Ele \u00e9 acusado pela Pol\u00edcia Federal de chefiar um esquema de lavagem que teria movimentado R$ 10 bilh\u00f5es.\u00a0Al\u00e9m do lobista, outras dez pessoas permanecem presas. Apenas o ex-diretor da Petrobras Paulo Roberto Costa foi liberado e deixou a superintend\u00eancia da PF em Curitiba na tarde desta segunda-feira (19).<\/p>\n<p>Ap\u00f3s a primeira decis\u00e3o de Zavascki, o juiz federal S\u00e9rgio Moro solicitou explica\u00e7\u00f5es e mencionou o envolvimento de um dos detidos, Rene Luiz Pereira, com o tr\u00e1fico de 750 quilos de coca\u00edna para a Espanha e lavagem do dinheiro resultante do crime. Youssef tamb\u00e9m \u00e9 acusado de ter participado, indiretamente, de tal remessa. \u201cEm face das raz\u00f5es e fatos destacados nas informa\u00e7\u00f5es complementares, autorizo, cautelarmente, que se mantenham os atos decis\u00f3rios, inclusive ao que se refere aos decretos de pris\u00e3o\u201d, justificou o ministro, ao mudar de ideia.<\/p>\n","protected":false},"excerpt":{"rendered":"<p>O ministro do Supremo Tribunal Federal (STF)\u00a0Teori Zavascki\u00a0\u00a0reconsiderou decis\u00e3o que havia\u00a0liberado da pris\u00e3o\u00a0todos os doze investigados da Opera\u00e7\u00e3o Lava Jato, informa a Folha. Com a mudan\u00e7a, o doleiro Alberto Youssef continua detido. Ele \u00e9 acusado pela Pol\u00edcia Federal de chefiar um esquema de lavagem que teria movimentado R$ 10 bilh\u00f5es.\u00a0Al\u00e9m do lobista, outras dez pessoas [&hellip;]<\/p>\n","protected":false},"author":2,"featured_media":0,"comment_status":"open","ping_status":"open","sticky":false,"template":"","format":"standard","meta":{"footnotes":"","_links_to":"","_links_to_target":""},"categories":[1],"tags":[],"class_list":["post-37274","post","type-post","status-publish","format-standard","hentry","category-geral"],"views":1378,"_links":{"self":[{"href":"https:\/\/www.sudoestehoje.com.br\/novoportal\/wp-json\/wp\/v2\/posts\/37274","targetHints":{"allow":["GET"]}}],"collection":[{"href":"https:\/\/www.sudoestehoje.com.br\/novoportal\/wp-json\/wp\/v2\/posts"}],"about":[{"href":"https:\/\/www.sudoestehoje.com.br\/novoportal\/wp-json\/wp\/v2\/types\/post"}],"author":[{"embeddable":true,"href":"https:\/\/www.sudoestehoje.com.br\/novoportal\/wp-json\/wp\/v2\/users\/2"}],"replies":[{"embeddable":true,"href":"https:\/\/www.sudoestehoje.com.br\/novoportal\/wp-json\/wp\/v2\/comments?post=37274"}],"version-history":[{"count":2,"href":"https:\/\/www.sudoestehoje.com.br\/novoportal\/wp-json\/wp\/v2\/posts\/37274\/revisions"}],"predecessor-version":[{"id":37289,"href":"https:\/\/www.sudoestehoje.com.br\/novoportal\/wp-json\/wp\/v2\/posts\/37274\/revisions\/37289"}],"wp:attachment":[{"href":"https:\/\/www.sudoestehoje.com.br\/novoportal\/wp-json\/wp\/v2\/media?parent=37274"}],"wp:term":[{"taxonomy":"category","embeddable":true,"href":"https:\/\/www.sudoestehoje.com.br\/novoportal\/wp-json\/wp\/v2\/categories?post=37274"},{"taxonomy":"post_tag","embeddable":true,"href":"https:\/\/www.sudoestehoje.com.br\/novoportal\/wp-json\/wp\/v2\/tags?post=37274"}],"curies":[{"name":"wp","href":"https:\/\/api.w.org\/{rel}","templated":true}]}}