
{"id":3723,"date":"2011-03-04T20:34:24","date_gmt":"2011-03-04T23:34:24","guid":{"rendered":"http:\/\/www.sudoestehoje.com.br\/novoportal\/?p=3723"},"modified":"2011-03-04T20:34:24","modified_gmt":"2011-03-04T23:34:24","slug":"wagner-defende-acao-que-resultou-na-morte-de-policial-civil","status":"publish","type":"post","link":"https:\/\/www.sudoestehoje.com.br\/novoportal\/2011\/03\/04\/wagner-defende-acao-que-resultou-na-morte-de-policial-civil\/","title":{"rendered":"WAGNER DEFENDE A\u00c7\u00c3O QUE RESULTOU NA MORTE DE POLICIAL CIVIL"},"content":{"rendered":"<p style=\"text-align: center;\"><img decoding=\"async\" class=\"aligncenter\" src=\"http:\/\/www.bahianoticias.com.br\/fotos\/editor\/Image\/wagner_mascarenhas.jpg\" alt=\"\" \/><\/p>\n<p style=\"text-align: center;\"><em>Wagner diz que Estado n\u00e3o vai conviver com &#8220;laranja podre&#8221; na corpora\u00e7\u00e3o<\/em><\/p>\n<p>\u00a0<\/p>\n<p>O governador Jaques Wagner disse, nesta sexta-feira, 4, que a administra\u00e7\u00e3o estadual n\u00e3o vai conviver com &#8220;laranja podre&#8221; dentro da corpora\u00e7\u00e3o. &#8220;N\u00e3o podemos contribuir com criminosos fardados manchando a imagem da institui\u00e7\u00e3o\u201d afirmou, em entrevista coletiva durante visita ao Centro Integrado de Informa\u00e7\u00f5es do Carnaval 2011, no bairro de Ondina. O governador lamentou a morte do policial civil, mas disse n\u00e3o ter visto alternativa. &#8220;N\u00e3o quer\u00edamos que fosse assim. Preferiria a pris\u00e3o, mas, infelizmente, aconteceu\u201d, continuou.<\/p>\n<p>Apesar de a justi\u00e7a ter decretado a ilegalidade do movimento, nesta quinta-feira, 3, os policiais civis afirmam que v\u00e3o dar continuidade \u00e0 paralisa\u00e7\u00e3o iniciada, segundo eles, na quarta-feira. De acordo com o Sindicato dos Policiais Civis da Bahia (Sindpoc), as delegacias estariam funcionando com somente 30% do efetivo. A Tarde<\/p>\n","protected":false},"excerpt":{"rendered":"<p>Wagner diz que Estado n\u00e3o vai conviver com &#8220;laranja podre&#8221; na corpora\u00e7\u00e3o \u00a0 O governador Jaques Wagner disse, nesta sexta-feira, 4, que a administra\u00e7\u00e3o estadual n\u00e3o vai conviver com &#8220;laranja podre&#8221; dentro da corpora\u00e7\u00e3o. &#8220;N\u00e3o podemos contribuir com criminosos fardados manchando a imagem da institui\u00e7\u00e3o\u201d afirmou, em entrevista coletiva durante visita ao Centro Integrado de [&hellip;]<\/p>\n","protected":false},"author":2,"featured_media":0,"comment_status":"open","ping_status":"open","sticky":false,"template":"","format":"standard","meta":{"footnotes":"","_links_to":"","_links_to_target":""},"categories":[1],"tags":[],"class_list":["post-3723","post","type-post","status-publish","format-standard","hentry","category-geral"],"views":1232,"_links":{"self":[{"href":"https:\/\/www.sudoestehoje.com.br\/novoportal\/wp-json\/wp\/v2\/posts\/3723","targetHints":{"allow":["GET"]}}],"collection":[{"href":"https:\/\/www.sudoestehoje.com.br\/novoportal\/wp-json\/wp\/v2\/posts"}],"about":[{"href":"https:\/\/www.sudoestehoje.com.br\/novoportal\/wp-json\/wp\/v2\/types\/post"}],"author":[{"embeddable":true,"href":"https:\/\/www.sudoestehoje.com.br\/novoportal\/wp-json\/wp\/v2\/users\/2"}],"replies":[{"embeddable":true,"href":"https:\/\/www.sudoestehoje.com.br\/novoportal\/wp-json\/wp\/v2\/comments?post=3723"}],"version-history":[{"count":3,"href":"https:\/\/www.sudoestehoje.com.br\/novoportal\/wp-json\/wp\/v2\/posts\/3723\/revisions"}],"predecessor-version":[{"id":3726,"href":"https:\/\/www.sudoestehoje.com.br\/novoportal\/wp-json\/wp\/v2\/posts\/3723\/revisions\/3726"}],"wp:attachment":[{"href":"https:\/\/www.sudoestehoje.com.br\/novoportal\/wp-json\/wp\/v2\/media?parent=3723"}],"wp:term":[{"taxonomy":"category","embeddable":true,"href":"https:\/\/www.sudoestehoje.com.br\/novoportal\/wp-json\/wp\/v2\/categories?post=3723"},{"taxonomy":"post_tag","embeddable":true,"href":"https:\/\/www.sudoestehoje.com.br\/novoportal\/wp-json\/wp\/v2\/tags?post=3723"}],"curies":[{"name":"wp","href":"https:\/\/api.w.org\/{rel}","templated":true}]}}