
{"id":37204,"date":"2014-05-19T16:37:53","date_gmt":"2014-05-19T19:37:53","guid":{"rendered":"http:\/\/www.sudoestehoje.com.br\/novoportal\/?p=37204"},"modified":"2014-05-19T16:41:20","modified_gmt":"2014-05-19T19:41:20","slug":"justica-cassa-direitos-politicos-de-luiz-caetano-pos-5-anos","status":"publish","type":"post","link":"https:\/\/www.sudoestehoje.com.br\/novoportal\/2014\/05\/19\/justica-cassa-direitos-politicos-de-luiz-caetano-pos-5-anos\/","title":{"rendered":"JUSTI\u00c7A CASSA DIREITOS POL\u00cdTICOS DE LUIZ CAETANO POS 5 ANOS"},"content":{"rendered":"<p><a href=\"http:\/\/www.sudoestehoje.com.br\/novoportal\/wp-content\/uploads\/2014\/05\/Caetano.jpg\"><img loading=\"lazy\" decoding=\"async\" class=\"aligncenter size-medium wp-image-37205\" alt=\"Caetano\" src=\"http:\/\/www.sudoestehoje.com.br\/novoportal\/wp-content\/uploads\/2014\/05\/Caetano.jpg\" width=\"1\" height=\"1\" \/><\/a><a href=\"http:\/\/www.sudoestehoje.com.br\/novoportal\/wp-content\/uploads\/2014\/05\/luiz-caetano-jaques-wagner.jpg\"><img loading=\"lazy\" decoding=\"async\" class=\"size-full wp-image-37206 alignleft\" alt=\"luiz-caetano-jaques-wagner\" src=\"http:\/\/www.sudoestehoje.com.br\/novoportal\/wp-content\/uploads\/2014\/05\/luiz-caetano-jaques-wagner.jpg\" width=\"269\" height=\"280\" \/><\/a><\/p>\n<p><span style=\"line-height: 1.5em;\">Ex-prefeito de Cama\u00e7ari, o petista Luiz Caetano teve os direitos pol\u00edticos cassados por cinco anos de acordo com senten\u00e7a do juiz C\u00e9sar Augusto Borges de Andrade, da 1\u00aa Vara da Fazenda P\u00fablica de Cama\u00e7ari, que acatou a\u00e7\u00e3o civil p\u00fablica do Minist\u00e9rio P\u00fablico Estadual.<\/span><\/p>\n<p>Ainda de acordo com o processo 0011779-73.2007.8.05.0039, Caetano foi condenado a ressarcir aos cofres p\u00fablicos a quantia de R$304.210,00 e pagamento de multa no mesmo valor, devidamente corrigidos, al\u00e9m das custas processuais.<\/p>\n<p>A senten\u00e7a do juiz C\u00e9sar Augusto determina ainda a imediata comunica\u00e7\u00e3o da suspens\u00e3o dos direitos pol\u00edticos de Caetano ao Tribunal Regional Eleitoral da Bahia a fim de impedir que o ex-deputado possa concorrer a qualquer cargo p\u00fablico j\u00e1 nestas elei\u00e7\u00f5es de outubro.<\/p>\n<p>Luiz Caetano foi um dos 4 petistas cotados para se candidatar ao governo da Bahia, nestas elei\u00e7\u00f5es, mas foi preterido por Wagner, que escolheu Rui Costa.<\/p>\n","protected":false},"excerpt":{"rendered":"<p>Ex-prefeito de Cama\u00e7ari, o petista Luiz Caetano teve os direitos pol\u00edticos cassados por cinco anos de acordo com senten\u00e7a do juiz C\u00e9sar Augusto Borges de Andrade, da 1\u00aa Vara da Fazenda P\u00fablica de Cama\u00e7ari, que acatou a\u00e7\u00e3o civil p\u00fablica do Minist\u00e9rio P\u00fablico Estadual. Ainda de acordo com o processo 0011779-73.2007.8.05.0039, Caetano foi condenado a ressarcir [&hellip;]<\/p>\n","protected":false},"author":2,"featured_media":0,"comment_status":"open","ping_status":"open","sticky":false,"template":"","format":"standard","meta":{"footnotes":"","_links_to":"","_links_to_target":""},"categories":[1],"tags":[],"class_list":["post-37204","post","type-post","status-publish","format-standard","hentry","category-geral"],"views":1667,"_links":{"self":[{"href":"https:\/\/www.sudoestehoje.com.br\/novoportal\/wp-json\/wp\/v2\/posts\/37204","targetHints":{"allow":["GET"]}}],"collection":[{"href":"https:\/\/www.sudoestehoje.com.br\/novoportal\/wp-json\/wp\/v2\/posts"}],"about":[{"href":"https:\/\/www.sudoestehoje.com.br\/novoportal\/wp-json\/wp\/v2\/types\/post"}],"author":[{"embeddable":true,"href":"https:\/\/www.sudoestehoje.com.br\/novoportal\/wp-json\/wp\/v2\/users\/2"}],"replies":[{"embeddable":true,"href":"https:\/\/www.sudoestehoje.com.br\/novoportal\/wp-json\/wp\/v2\/comments?post=37204"}],"version-history":[{"count":4,"href":"https:\/\/www.sudoestehoje.com.br\/novoportal\/wp-json\/wp\/v2\/posts\/37204\/revisions"}],"predecessor-version":[{"id":37210,"href":"https:\/\/www.sudoestehoje.com.br\/novoportal\/wp-json\/wp\/v2\/posts\/37204\/revisions\/37210"}],"wp:attachment":[{"href":"https:\/\/www.sudoestehoje.com.br\/novoportal\/wp-json\/wp\/v2\/media?parent=37204"}],"wp:term":[{"taxonomy":"category","embeddable":true,"href":"https:\/\/www.sudoestehoje.com.br\/novoportal\/wp-json\/wp\/v2\/categories?post=37204"},{"taxonomy":"post_tag","embeddable":true,"href":"https:\/\/www.sudoestehoje.com.br\/novoportal\/wp-json\/wp\/v2\/tags?post=37204"}],"curies":[{"name":"wp","href":"https:\/\/api.w.org\/{rel}","templated":true}]}}