
{"id":37186,"date":"2014-05-17T21:10:30","date_gmt":"2014-05-18T00:10:30","guid":{"rendered":"http:\/\/www.sudoestehoje.com.br\/novoportal\/?p=37186"},"modified":"2014-05-17T21:19:50","modified_gmt":"2014-05-18T00:19:50","slug":"itapetinga-coronel-serpa-devera-ser-candidato-a-deputado-pelo-ptdodo-b","status":"publish","type":"post","link":"https:\/\/www.sudoestehoje.com.br\/novoportal\/2014\/05\/17\/itapetinga-coronel-serpa-devera-ser-candidato-a-deputado-pelo-ptdodo-b\/","title":{"rendered":"ITAPETINGA: CORONEL SERPA DEVER\u00c1 SER CANDIDATO A DEPUTADO PELO PTdoB"},"content":{"rendered":"<p><a href=\"http:\/\/www.sudoestehoje.com.br\/novoportal\/wp-content\/uploads\/2014\/05\/serpa.jpg\"><img loading=\"lazy\" decoding=\"async\" class=\"aligncenter size-medium wp-image-37187\" alt=\"serpa\" src=\"http:\/\/www.sudoestehoje.com.br\/novoportal\/wp-content\/uploads\/2014\/05\/serpa-500x375.jpg\" width=\"500\" height=\"375\" srcset=\"https:\/\/www.sudoestehoje.com.br\/novoportal\/wp-content\/uploads\/2014\/05\/serpa-500x375.jpg 500w, https:\/\/www.sudoestehoje.com.br\/novoportal\/wp-content\/uploads\/2014\/05\/serpa-700x525.jpg 700w, https:\/\/www.sudoestehoje.com.br\/novoportal\/wp-content\/uploads\/2014\/05\/serpa.jpg 960w\" sizes=\"auto, (max-width: 500px) 100vw, 500px\" \/><\/a><\/p>\n<p>Nesta sexta-feira o pr\u00e9-candidato a deputado estadual Coronel Serpa esteve em Itapetinga. Ele esteve no aeroporto da cidade recepcionando a comitiva da oposi\u00e7\u00e3o liderada por Paulo Souto (DEM), e Geddel Vieira Lima (PMDB).\u00a0Coronel Serpa que desde 2013 namorou com o PC do B, j\u00e1 no in\u00edcio deste ano se aproximou do PR, mas decidiu ser candidato a deputado estadual pelo PT do B.<\/p>\n<p>Ele esteve em Itapetinga com o presidente do partido no munic\u00edpio, Ramiro Oliveira. E dever\u00e1 realizar um evento no dia 14 de junho em Itabuna para anunciar seu partido.\u00a0Coronel Serpa prestigiou o evento da chapa de oposi\u00e7\u00e3o na c\u00e2mara de vereadores de Itapetinga, o que prova que ele vai seguir o PT do B e apoiar a oposi\u00e7\u00e3o. Por ser militar, ele tem a prerrogativa de se filiar no partido at\u00e9 o dia da conven\u00e7\u00e3o.<\/p>\n<p>Vale lembrar que ele foi exonerado pelo governador do comando da Pol\u00edcia Militar de Jequi\u00e9, segundo informa\u00e7\u00f5es, foi a pedido de alguns deputados da base do governo, que estavam incomodados com a presen\u00e7a do candidato no comando do batalh\u00e3o.\u00a0Mas em fun\u00e7\u00e3o da indecis\u00e3o de Serpa, existe a possibilidade dele ainda mudar de ideia. Pol\u00edticos do Sul da Bahia<\/p>\n","protected":false},"excerpt":{"rendered":"<p>Nesta sexta-feira o pr\u00e9-candidato a deputado estadual Coronel Serpa esteve em Itapetinga. Ele esteve no aeroporto da cidade recepcionando a comitiva da oposi\u00e7\u00e3o liderada por Paulo Souto (DEM), e Geddel Vieira Lima (PMDB).\u00a0Coronel Serpa que desde 2013 namorou com o PC do B, j\u00e1 no in\u00edcio deste ano se aproximou do PR, mas decidiu ser [&hellip;]<\/p>\n","protected":false},"author":2,"featured_media":0,"comment_status":"open","ping_status":"open","sticky":false,"template":"","format":"standard","meta":{"footnotes":"","_links_to":"","_links_to_target":""},"categories":[1],"tags":[],"class_list":["post-37186","post","type-post","status-publish","format-standard","hentry","category-geral"],"views":1087,"_links":{"self":[{"href":"https:\/\/www.sudoestehoje.com.br\/novoportal\/wp-json\/wp\/v2\/posts\/37186","targetHints":{"allow":["GET"]}}],"collection":[{"href":"https:\/\/www.sudoestehoje.com.br\/novoportal\/wp-json\/wp\/v2\/posts"}],"about":[{"href":"https:\/\/www.sudoestehoje.com.br\/novoportal\/wp-json\/wp\/v2\/types\/post"}],"author":[{"embeddable":true,"href":"https:\/\/www.sudoestehoje.com.br\/novoportal\/wp-json\/wp\/v2\/users\/2"}],"replies":[{"embeddable":true,"href":"https:\/\/www.sudoestehoje.com.br\/novoportal\/wp-json\/wp\/v2\/comments?post=37186"}],"version-history":[{"count":2,"href":"https:\/\/www.sudoestehoje.com.br\/novoportal\/wp-json\/wp\/v2\/posts\/37186\/revisions"}],"predecessor-version":[{"id":37189,"href":"https:\/\/www.sudoestehoje.com.br\/novoportal\/wp-json\/wp\/v2\/posts\/37186\/revisions\/37189"}],"wp:attachment":[{"href":"https:\/\/www.sudoestehoje.com.br\/novoportal\/wp-json\/wp\/v2\/media?parent=37186"}],"wp:term":[{"taxonomy":"category","embeddable":true,"href":"https:\/\/www.sudoestehoje.com.br\/novoportal\/wp-json\/wp\/v2\/categories?post=37186"},{"taxonomy":"post_tag","embeddable":true,"href":"https:\/\/www.sudoestehoje.com.br\/novoportal\/wp-json\/wp\/v2\/tags?post=37186"}],"curies":[{"name":"wp","href":"https:\/\/api.w.org\/{rel}","templated":true}]}}