
{"id":37178,"date":"2014-05-17T20:21:26","date_gmt":"2014-05-17T23:21:26","guid":{"rendered":"http:\/\/www.sudoestehoje.com.br\/novoportal\/?p=37178"},"modified":"2014-05-17T20:45:57","modified_gmt":"2014-05-17T23:45:57","slug":"dirigentes-partidarios-agradecem-cobertura-do-sudoeste-hoje","status":"publish","type":"post","link":"https:\/\/www.sudoestehoje.com.br\/novoportal\/2014\/05\/17\/dirigentes-partidarios-agradecem-cobertura-do-sudoeste-hoje\/","title":{"rendered":"DIRIGENTES PARTID\u00c1RIOS AGRADECEM COBERTURA DO SUDOESTE HOJE"},"content":{"rendered":"<p><a href=\"http:\/\/www.sudoestehoje.com.br\/novoportal\/wp-content\/uploads\/2014\/05\/davi.jpg\"><img loading=\"lazy\" decoding=\"async\" class=\"aligncenter size-medium wp-image-37180\" alt=\"davi\" src=\"http:\/\/www.sudoestehoje.com.br\/novoportal\/wp-content\/uploads\/2014\/05\/davi-500x333.jpg\" width=\"500\" height=\"333\" srcset=\"https:\/\/www.sudoestehoje.com.br\/novoportal\/wp-content\/uploads\/2014\/05\/davi-500x333.jpg 500w, https:\/\/www.sudoestehoje.com.br\/novoportal\/wp-content\/uploads\/2014\/05\/davi-700x466.jpg 700w, https:\/\/www.sudoestehoje.com.br\/novoportal\/wp-content\/uploads\/2014\/05\/davi.jpg 1600w\" sizes=\"auto, (max-width: 500px) 100vw, 500px\" \/><\/a><\/p>\n<p>Na noite deste s\u00e1bado, a nossa reda\u00e7\u00e3o recebeu mensagem dos presidentes locais do DEM e PMDB, Geraldo Trindade e\u00a0Darwin Renan, agradecendo a cobertura feita pelo Sudoeste Hoje no Encontro das Oposi\u00e7\u00f5es, ocorrido nesta sexta-feira, numa demonstra\u00e7\u00e3o de reconhecimento ao trabalho s\u00e9rio e eficiente, e \u00e0 credibilidade e lideran\u00e7a do nosso blog em Itapetinga e regi\u00e3o. Confira a mensagem de agradecimento dos partidos:<\/p>\n<p><em>&#8220;Caro Davi,<\/em><\/p>\n<p><em>Agradecemos a cobertura jornal\u00edstica dada ao Encontro das Oposi\u00e7\u00f5es ocorrida na nossa cidade. Muito obrigado a todos itapetinguenses que prestigiaram os futuros governador Paulo Souto, vice Joacy G\u00f3es e senador Geddel Vieira Lima.\u00a0A Bahia est\u00e1 em festa pela esperan\u00e7a que voltou aos nossos cora\u00e7\u00f5es e em Itapetinga n\u00e3o poderia ser diferente, pois poucos munic\u00edpios tem uma rela\u00e7\u00e3o t\u00e3o pr\u00f3xima com a futura chapa da vit\u00f3ria.\u00a0Tamb\u00e9m agradecemos imensamente aos representantes de outros munic\u00edpios da Bahia que abrilhantaram o nosso Encontro.<\/em><\/p>\n<p><em>Muito obrigado.<\/em><\/p>\n<p><em>Geraldo Trindade \u2013 Presidente do DEM<\/em><br \/>\n<em>Darwin Renan \u2013 Presidente do PMDB&#8221;<\/em><\/p>\n<p>ALGUMAS PRESEN\u00c7AS QUE AJUDARAM A CONTRIBUIR COM O \u00caXITO TOTAL DO GRANDE ENCONTRO:<!--more--><\/p>\n<p>Lucio Vieira Lima \u2013 Deputado federal \u2013 PMDB<br \/>\nAntonio Imbassay \u2013 Deputado federal \u2013 PSDB<br \/>\nSandro Regis \u2013 Deputado estadual \u2013 DEM<br \/>\nF\u00e1bio Souto \u2013 Deputado federal \u2013 DEM<br \/>\nHeraldo Rocha \u2013 Pr\u00e9-candidato a deputado estadual \u2013 DEM<br \/>\nCoronel Serpa \u2013 Pr\u00e9-candidato a deputado estadual \u2013 PT do B<\/p>\n<p>REPRESENTANTES DE VIT\u00d3RIA DA CONQUISTA<br \/>\nHerzem Gusm\u00e3o \u2013 Pr\u00e9-candidato a deputado estadual \u2013 PMDB<br \/>\nMarcelo Melo \u2013 Pr\u00e9-candidato a deputado federal \u2013 DEM<br \/>\nClaudionor Ticol\u00f4 \u2013 Pr\u00e9-candidato a deputado estadual \u2013 PSDB<br \/>\nCarlos Gentil \u2013 Vereador<\/p>\n<p>ITAPETINGA<br \/>\nFabiano Bahia \u2013 Vereador-DEM<br \/>\nNaara Duarte \u2013 Vereador-DEM<br \/>\nJo\u00e3o de Deus \u2013 Verador-PMDB<br \/>\nJo\u00e3o Carlos \u2013 Vereador-PMDB<br \/>\nEdilson Lima \u2013 Ex-vice prefeito<br \/>\nArnaldo Teixeira \u2013 Ex-deputado<br \/>\nDr. Rodolfo Schettini<br \/>\nDr. Jivago Queiroz<br \/>\nDr. Artur Franca<br \/>\nDr. Marcelo Pinto<br \/>\nRicardo Barbosa \u2013 Presidente do PT do B<br \/>\nProfessor Ramiro \u2013 Presidente de honra do PT do B<br \/>\nGild\u00e1sio Queiroz \u2013 Presidente do PSDC<br \/>\nZildo Carvalho \u2013 Ex-vice-prefeito<br \/>\nJos\u00e9 Elias \u2013 Ex-vice-prefeito<\/p>\n<p>REPRESENTANTES DE MACARANI<br \/>\nElza Soares \u2013 Prefeita em exerc\u00edcio<br \/>\nAntonio Carlos \u2013 Prefeito licenciado<br \/>\nJorge Moto \u2013 Vereador e Presidente da C\u00e2mara<br \/>\nGlauber \u2013 Vereador<br \/>\nPlayboy \u2013 Pr\u00e9-candidato a prefeito<\/p>\n<p>REPRESENTANTES DE ITOROR\u00d3<br \/>\nMarco Brito \u2013 Prefeito<br \/>\nEdineu Oliveira \u2013 Ex-prefeito<br \/>\nGilton Alves \u2013 Ex-prefeito<br \/>\nBiduinha \u2013 Vereador e Presidente da C\u00e2mara<br \/>\nC\u00f3 \u2013 Vereador<br \/>\nAntonio Nunes \u2013 Vereador<br \/>\nSergipe \u2013 Vereador<br \/>\nCompadre Jo\u00e3o \u2013 Vereador<br \/>\nJo\u00e3o Brito \u2013 Vereador<br \/>\nMarcelo Andrade \u2013 Secret\u00e1rio de sa\u00fade<\/p>\n<p>REPRESENTANTE DE SALVADOR<br \/>\nPaulo C\u00e2mara \u2013 Vereador e Presidente da C\u00e2mara<\/p>\n<p>REPRESENTANTES DE ITABUNA<br \/>\nFernando Gomes \u2013 Ex-deputado e ex-prefeito de Itabuna<br \/>\nMaria Alice \u2013 Presidente do DEM<br \/>\nCarlos Burgos \u2013 Executiva municipal do DEM<br \/>\nCarlos Ab\u00edlio \u2013 Executiva municipal do DEM<\/p>\n<p>REPRESENTANTES DE ITARANTIM<br \/>\nGide\u00e3o Matos \u2013 Ex-prefeito<br \/>\nPaulo Constru\u00e7\u00e3o \u2013 Presidente do DEM<\/p>\n<p>REPRESENTANTE DE IGUAI<br \/>\nNetanias Veiga \u2013 Ex-prefeito<\/p>\n<p>REPRESENTANTES DE CARA\u00cdBAS<br \/>\nFl\u00e1vio \u2013 Vereador e pr\u00e9-candidato a dep. Estadual<\/p>\n<p>REPRESENTANTE DE CORONEL JO\u00c3O S\u00c1<br \/>\nCarlos Sobral \u2013 Ex-prefeito<\/p>\n<p>REPRESENTANTE DE DARIO MEIRA<br \/>\nWilde Alencar \u2013 Ex-prefeito<\/p>\n<p>REPRESENTANTES DE ENCRUZILHADA<br \/>\nVin\u00edcius Gug\u00e9 \u2013 Presidente do PROS<br \/>\nElias Lima e Renilda Cabral<\/p>\n<p>REPRESENTANTE DE CAATIBA<br \/>\nOmar Barbosa \u2013 Ex-prefeito<\/p>\n<p>REPRESENTANTE DE ITAMB\u00c9<br \/>\nJaime Moreira \u2013 Presidente do PMDB<\/p>\n<p>REPRESENTANTES DE BUERAREMA<br \/>\nJ\u00fanior Cambui \u2013 Executiva municipal do DEM<br \/>\nPastor Roberto \u2013 Executiva municipal do DEM<br \/>\nDami\u00e3o Soares \u2013 Executiva municipal do DEM<br \/>\nPollyana Novaes \u2013 Executiva municipal do DEM<\/p>\n","protected":false},"excerpt":{"rendered":"<p>Na noite deste s\u00e1bado, a nossa reda\u00e7\u00e3o recebeu mensagem dos presidentes locais do DEM e PMDB, Geraldo Trindade e\u00a0Darwin Renan, agradecendo a cobertura feita pelo Sudoeste Hoje no Encontro das Oposi\u00e7\u00f5es, ocorrido nesta sexta-feira, numa demonstra\u00e7\u00e3o de reconhecimento ao trabalho s\u00e9rio e eficiente, e \u00e0 credibilidade e lideran\u00e7a do nosso blog em Itapetinga e regi\u00e3o. [&hellip;]<\/p>\n","protected":false},"author":2,"featured_media":0,"comment_status":"open","ping_status":"open","sticky":false,"template":"","format":"standard","meta":{"footnotes":"","_links_to":"","_links_to_target":""},"categories":[1],"tags":[],"class_list":["post-37178","post","type-post","status-publish","format-standard","hentry","category-geral"],"views":1112,"_links":{"self":[{"href":"https:\/\/www.sudoestehoje.com.br\/novoportal\/wp-json\/wp\/v2\/posts\/37178","targetHints":{"allow":["GET"]}}],"collection":[{"href":"https:\/\/www.sudoestehoje.com.br\/novoportal\/wp-json\/wp\/v2\/posts"}],"about":[{"href":"https:\/\/www.sudoestehoje.com.br\/novoportal\/wp-json\/wp\/v2\/types\/post"}],"author":[{"embeddable":true,"href":"https:\/\/www.sudoestehoje.com.br\/novoportal\/wp-json\/wp\/v2\/users\/2"}],"replies":[{"embeddable":true,"href":"https:\/\/www.sudoestehoje.com.br\/novoportal\/wp-json\/wp\/v2\/comments?post=37178"}],"version-history":[{"count":5,"href":"https:\/\/www.sudoestehoje.com.br\/novoportal\/wp-json\/wp\/v2\/posts\/37178\/revisions"}],"predecessor-version":[{"id":37185,"href":"https:\/\/www.sudoestehoje.com.br\/novoportal\/wp-json\/wp\/v2\/posts\/37178\/revisions\/37185"}],"wp:attachment":[{"href":"https:\/\/www.sudoestehoje.com.br\/novoportal\/wp-json\/wp\/v2\/media?parent=37178"}],"wp:term":[{"taxonomy":"category","embeddable":true,"href":"https:\/\/www.sudoestehoje.com.br\/novoportal\/wp-json\/wp\/v2\/categories?post=37178"},{"taxonomy":"post_tag","embeddable":true,"href":"https:\/\/www.sudoestehoje.com.br\/novoportal\/wp-json\/wp\/v2\/tags?post=37178"}],"curies":[{"name":"wp","href":"https:\/\/api.w.org\/{rel}","templated":true}]}}