
{"id":3716,"date":"2011-03-04T08:48:09","date_gmt":"2011-03-04T11:48:09","guid":{"rendered":"http:\/\/www.sudoestehoje.com.br\/novoportal\/?p=3716"},"modified":"2011-03-04T08:50:08","modified_gmt":"2011-03-04T11:50:08","slug":"itapetinga-encontrado-no-rio-pardo-o-corpo-de-joao-vitor","status":"publish","type":"post","link":"https:\/\/www.sudoestehoje.com.br\/novoportal\/2011\/03\/04\/itapetinga-encontrado-no-rio-pardo-o-corpo-de-joao-vitor\/","title":{"rendered":"ITAPETINGA: CORPO DO MENINO JO\u00c3O VITOR \u00c9 ENCONTRADO NO RIO PARDO"},"content":{"rendered":"<p>\u00a0<\/p>\n<div style=\"text-align: center;\"><a href=\"https:\/\/lh5.googleusercontent.com\/-0N8AV0WvX4A\/TXBfXUwvZyI\/AAAAAAAAGxs\/jaNXrz_rsRE\/s1600\/jo%25C3%25A3so+vitor.JPG\"><img loading=\"lazy\" decoding=\"async\" src=\"https:\/\/lh5.googleusercontent.com\/-0N8AV0WvX4A\/TXBfXUwvZyI\/AAAAAAAAGxs\/jaNXrz_rsRE\/s400\/jo%25C3%25A3so+vitor.JPG\" border=\"0\" alt=\"\" width=\"240\" height=\"400\" \/><\/a><\/div>\n<div style=\"text-align: center;\"><em><strong>A\u00a0 morte de Jo\u00e3o Vitor chocou todo o bairro<\/strong><\/em><\/div>\n<p>\u00a0<\/p>\n<p>ITAPETINGA: O corpo do menino Jo\u00e3o Vitor Santos da Silva, de 13 anos, que se afogou no Rio Pardo,\u00a0em uma fazenda da regi\u00e3o, foi encontrado na manh\u00e3 desta quinta-feira, e deve ser sepultado nesta sexta. Jo\u00e3o Vitor morava com familiares no bairro Am\u00e9rico Nogueira e era estudante do Col\u00e9gio Jos\u00e9 Ot\u00e1vio Curvelo. Seus colegas de escola e toda a comunidade ficaram consternados com a sua morte, e em tais\u00a0ciscunst\u00e2ncias. Segundo informa\u00e7\u00f5es da fam\u00edlia, o menino desapareceu enquanto a sua m\u00e3e lavava roupas \u00e0s margens do rio.<\/p>\n<p>Da reda\u00e7\u00e3o (Foto Itapetinga Agora)<\/p>\n","protected":false},"excerpt":{"rendered":"<p>\u00a0 A\u00a0 morte de Jo\u00e3o Vitor chocou todo o bairro \u00a0 ITAPETINGA: O corpo do menino Jo\u00e3o Vitor Santos da Silva, de 13 anos, que se afogou no Rio Pardo,\u00a0em uma fazenda da regi\u00e3o, foi encontrado na manh\u00e3 desta quinta-feira, e deve ser sepultado nesta sexta. Jo\u00e3o Vitor morava com familiares no bairro Am\u00e9rico Nogueira [&hellip;]<\/p>\n","protected":false},"author":2,"featured_media":0,"comment_status":"open","ping_status":"open","sticky":false,"template":"","format":"standard","meta":{"footnotes":"","_links_to":"","_links_to_target":""},"categories":[1],"tags":[],"class_list":["post-3716","post","type-post","status-publish","format-standard","hentry","category-geral"],"views":5386,"_links":{"self":[{"href":"https:\/\/www.sudoestehoje.com.br\/novoportal\/wp-json\/wp\/v2\/posts\/3716","targetHints":{"allow":["GET"]}}],"collection":[{"href":"https:\/\/www.sudoestehoje.com.br\/novoportal\/wp-json\/wp\/v2\/posts"}],"about":[{"href":"https:\/\/www.sudoestehoje.com.br\/novoportal\/wp-json\/wp\/v2\/types\/post"}],"author":[{"embeddable":true,"href":"https:\/\/www.sudoestehoje.com.br\/novoportal\/wp-json\/wp\/v2\/users\/2"}],"replies":[{"embeddable":true,"href":"https:\/\/www.sudoestehoje.com.br\/novoportal\/wp-json\/wp\/v2\/comments?post=3716"}],"version-history":[{"count":4,"href":"https:\/\/www.sudoestehoje.com.br\/novoportal\/wp-json\/wp\/v2\/posts\/3716\/revisions"}],"predecessor-version":[{"id":3719,"href":"https:\/\/www.sudoestehoje.com.br\/novoportal\/wp-json\/wp\/v2\/posts\/3716\/revisions\/3719"}],"wp:attachment":[{"href":"https:\/\/www.sudoestehoje.com.br\/novoportal\/wp-json\/wp\/v2\/media?parent=3716"}],"wp:term":[{"taxonomy":"category","embeddable":true,"href":"https:\/\/www.sudoestehoje.com.br\/novoportal\/wp-json\/wp\/v2\/categories?post=3716"},{"taxonomy":"post_tag","embeddable":true,"href":"https:\/\/www.sudoestehoje.com.br\/novoportal\/wp-json\/wp\/v2\/tags?post=3716"}],"curies":[{"name":"wp","href":"https:\/\/api.w.org\/{rel}","templated":true}]}}