
{"id":37146,"date":"2014-05-17T14:56:24","date_gmt":"2014-05-17T17:56:24","guid":{"rendered":"http:\/\/www.sudoestehoje.com.br\/novoportal\/?p=37146"},"modified":"2014-05-17T14:56:24","modified_gmt":"2014-05-17T17:56:24","slug":"construcao-do-novo-aeroporto-de-conquista-em-banho-maria","status":"publish","type":"post","link":"https:\/\/www.sudoestehoje.com.br\/novoportal\/2014\/05\/17\/construcao-do-novo-aeroporto-de-conquista-em-banho-maria\/","title":{"rendered":"CONSTRU\u00c7\u00c3O DO NOVO AEROPORTO DE CONQUISTA EM &#8220;BANHO MARIA&#8221;"},"content":{"rendered":"<p style=\"text-align: center;\"><a href=\"http:\/\/www.sudoestehoje.com.br\/novoportal\/wp-content\/uploads\/2014\/05\/wag.jpg\"><img decoding=\"async\" class=\"aligncenter  wp-image-37147\" alt=\"wag\" src=\"http:\/\/www.sudoestehoje.com.br\/novoportal\/wp-content\/uploads\/2014\/05\/wag.jpg\" width=\"500\" \/><\/a><\/p>\n<p>Cumprindo agenda na regi\u00e3o Sudoeste na manh\u00e3 de hoje (s\u00e1bado) e visitando os munic\u00edpios de Cara\u00edbas, Maetinga e Presidente J\u00e2nio Quadros, o Governador do Estado da Bahia, Jaques Wagner, comentou, em entrevista ao Blog do Rodrigo Ferraz, sobre a demora nas obras do novo aeroporto de Vit\u00f3ria da Conquista.<\/p>\n<p>\u201cO aeroporto teve mais um problema, infelizmente, mas j\u00e1 est\u00e1 sendo superado. A ju\u00edza voltou atr\u00e1s na desapropria\u00e7\u00e3o e agora estabeleceu um novo valor. Estou esperando sair a senten\u00e7a dela para pagar o dinheiro da desapropria\u00e7\u00e3o, mas a obra est\u00e1 certa, o dinheiro est\u00e1 a\u00ed, podem ficar seguros que o aeroporto de Conquista vai sair\u201d, disse.<\/p>\n<p>O novo aeroporto de Conquista \u00e9 uma aspira\u00e7\u00e3o n\u00e3o s\u00f3 dos conquistenses, mas de toda a regi\u00e3o, e vem sendo levado no &#8220;Banho Maria&#8221; pelo governador Jaques Wagner, o que d\u00e1 a impress\u00e3o de que seus correligion\u00e1rios petistas, que governam a cidade h\u00e1 mais de uma d\u00e9cada, n\u00e3o t\u00eam for\u00e7a junto ao seu governo. \u00c9 o que todos pensam&#8230;<\/p>\n<p>Com informa\u00e7\u00f5es do Blog do Rodrigo Ferraz<\/p>\n","protected":false},"excerpt":{"rendered":"<p>Cumprindo agenda na regi\u00e3o Sudoeste na manh\u00e3 de hoje (s\u00e1bado) e visitando os munic\u00edpios de Cara\u00edbas, Maetinga e Presidente J\u00e2nio Quadros, o Governador do Estado da Bahia, Jaques Wagner, comentou, em entrevista ao Blog do Rodrigo Ferraz, sobre a demora nas obras do novo aeroporto de Vit\u00f3ria da Conquista. \u201cO aeroporto teve mais um problema, [&hellip;]<\/p>\n","protected":false},"author":2,"featured_media":0,"comment_status":"open","ping_status":"open","sticky":false,"template":"","format":"standard","meta":{"footnotes":"","_links_to":"","_links_to_target":""},"categories":[1],"tags":[],"class_list":["post-37146","post","type-post","status-publish","format-standard","hentry","category-geral"],"views":1150,"_links":{"self":[{"href":"https:\/\/www.sudoestehoje.com.br\/novoportal\/wp-json\/wp\/v2\/posts\/37146","targetHints":{"allow":["GET"]}}],"collection":[{"href":"https:\/\/www.sudoestehoje.com.br\/novoportal\/wp-json\/wp\/v2\/posts"}],"about":[{"href":"https:\/\/www.sudoestehoje.com.br\/novoportal\/wp-json\/wp\/v2\/types\/post"}],"author":[{"embeddable":true,"href":"https:\/\/www.sudoestehoje.com.br\/novoportal\/wp-json\/wp\/v2\/users\/2"}],"replies":[{"embeddable":true,"href":"https:\/\/www.sudoestehoje.com.br\/novoportal\/wp-json\/wp\/v2\/comments?post=37146"}],"version-history":[{"count":2,"href":"https:\/\/www.sudoestehoje.com.br\/novoportal\/wp-json\/wp\/v2\/posts\/37146\/revisions"}],"predecessor-version":[{"id":37149,"href":"https:\/\/www.sudoestehoje.com.br\/novoportal\/wp-json\/wp\/v2\/posts\/37146\/revisions\/37149"}],"wp:attachment":[{"href":"https:\/\/www.sudoestehoje.com.br\/novoportal\/wp-json\/wp\/v2\/media?parent=37146"}],"wp:term":[{"taxonomy":"category","embeddable":true,"href":"https:\/\/www.sudoestehoje.com.br\/novoportal\/wp-json\/wp\/v2\/categories?post=37146"},{"taxonomy":"post_tag","embeddable":true,"href":"https:\/\/www.sudoestehoje.com.br\/novoportal\/wp-json\/wp\/v2\/tags?post=37146"}],"curies":[{"name":"wp","href":"https:\/\/api.w.org\/{rel}","templated":true}]}}