
{"id":3712,"date":"2011-03-04T08:21:23","date_gmt":"2011-03-04T11:21:23","guid":{"rendered":"http:\/\/www.sudoestehoje.com.br\/novoportal\/?p=3712"},"modified":"2011-03-04T08:23:14","modified_gmt":"2011-03-04T11:23:14","slug":"deu-um-no-2","status":"publish","type":"post","link":"https:\/\/www.sudoestehoje.com.br\/novoportal\/2011\/03\/04\/deu-um-no-2\/","title":{"rendered":"DEU UM N\u00d3&#8230;"},"content":{"rendered":"<p style=\"text-align: center;\"><a id=\"apf0\" href=\"http:\/\/www.google.com.br\/imgres?imgurl=http:\/\/1.bp.blogspot.com\/_aen24tEV1_U\/S8F1v-g-eSI\/AAAAAAAAA8g\/KNaQXUGxufA\/s1600\/n%C3%B3.jpg&amp;imgrefurl=http:\/\/pistasdemimmesmo.blogspot.com\/2010\/04\/no.html&amp;usg=__pZPeHSbjzo0yMgtgR6KPDWRosjk=&amp;h=397&amp;w=530&amp;sz=28&amp;hl=pt-br&amp;start=1&amp;zoom=1&amp;itbs=1&amp;tbnid=hze_STCMSdRAJM:&amp;tbnh=99&amp;tbnw=132&amp;prev=\/images%3Fq%3DN%25C3%2593%26hl%3Dpt-br%26sa%3DG%26gbv%3D2%26tbs%3Disch:1&amp;ei=CctwTeTSFJCatwfirYSWDw\"><img loading=\"lazy\" decoding=\"async\" id=\"ipfhze_STCMSdRAJM:\" class=\"aligncenter\" src=\"http:\/\/t3.gstatic.com\/images?q=tbn:ANd9GcQPhBsdbr8PwR8guN84SQ376Ue9vD0ICreaI5MhntGL_HPSLTMYFwtPYeg\" alt=\"\" width=\"132\" height=\"99\" \/><\/a><\/p>\n<p>A multa estipulada pela justi\u00e7a, caso o prefeito Z\u00e9 Carlos n\u00e3o cumpra a decis\u00e3o que mandou convocar\u00a0os concursados de 2008 e suspender o &#8216;Trem Fantasma&#8217; da prefeitura, \u00e9 de R$5.000,00 por dia, e quem deve pagar \u00e9 o pr\u00f3prio prefeito, do seu pr\u00f3prio bolso. Z\u00e9 Carlos est\u00e1 perdid\u00e3o, mas tem que &#8216;confiar&#8217; na sua atrapalhada assessoria, que deve recorrer da decis\u00e3o, em Salvador. Se nada conseguir, paga a multa, que \u00e9 cumulativa. Ser conseguir suspender os efeitos da decis\u00e3o, vai arcar com um custo ainda maior, que \u00e9 o desgaste pol\u00edtico. Pelo visto, este n\u00f3 est\u00e1 dif\u00edcil de ser desatado&#8230;<\/p>\n","protected":false},"excerpt":{"rendered":"<p>A multa estipulada pela justi\u00e7a, caso o prefeito Z\u00e9 Carlos n\u00e3o cumpra a decis\u00e3o que mandou convocar\u00a0os concursados de 2008 e suspender o &#8216;Trem Fantasma&#8217; da prefeitura, \u00e9 de R$5.000,00 por dia, e quem deve pagar \u00e9 o pr\u00f3prio prefeito, do seu pr\u00f3prio bolso. Z\u00e9 Carlos est\u00e1 perdid\u00e3o, mas tem que &#8216;confiar&#8217; na sua atrapalhada [&hellip;]<\/p>\n","protected":false},"author":2,"featured_media":0,"comment_status":"open","ping_status":"open","sticky":false,"template":"","format":"standard","meta":{"footnotes":"","_links_to":"","_links_to_target":""},"categories":[11],"tags":[],"class_list":["post-3712","post","type-post","status-publish","format-standard","hentry","category-quentinhas"],"views":1186,"_links":{"self":[{"href":"https:\/\/www.sudoestehoje.com.br\/novoportal\/wp-json\/wp\/v2\/posts\/3712","targetHints":{"allow":["GET"]}}],"collection":[{"href":"https:\/\/www.sudoestehoje.com.br\/novoportal\/wp-json\/wp\/v2\/posts"}],"about":[{"href":"https:\/\/www.sudoestehoje.com.br\/novoportal\/wp-json\/wp\/v2\/types\/post"}],"author":[{"embeddable":true,"href":"https:\/\/www.sudoestehoje.com.br\/novoportal\/wp-json\/wp\/v2\/users\/2"}],"replies":[{"embeddable":true,"href":"https:\/\/www.sudoestehoje.com.br\/novoportal\/wp-json\/wp\/v2\/comments?post=3712"}],"version-history":[{"count":3,"href":"https:\/\/www.sudoestehoje.com.br\/novoportal\/wp-json\/wp\/v2\/posts\/3712\/revisions"}],"predecessor-version":[{"id":3715,"href":"https:\/\/www.sudoestehoje.com.br\/novoportal\/wp-json\/wp\/v2\/posts\/3712\/revisions\/3715"}],"wp:attachment":[{"href":"https:\/\/www.sudoestehoje.com.br\/novoportal\/wp-json\/wp\/v2\/media?parent=3712"}],"wp:term":[{"taxonomy":"category","embeddable":true,"href":"https:\/\/www.sudoestehoje.com.br\/novoportal\/wp-json\/wp\/v2\/categories?post=3712"},{"taxonomy":"post_tag","embeddable":true,"href":"https:\/\/www.sudoestehoje.com.br\/novoportal\/wp-json\/wp\/v2\/tags?post=3712"}],"curies":[{"name":"wp","href":"https:\/\/api.w.org\/{rel}","templated":true}]}}