
{"id":3710,"date":"2011-03-04T08:10:30","date_gmt":"2011-03-04T11:10:30","guid":{"rendered":"http:\/\/www.sudoestehoje.com.br\/novoportal\/?p=3710"},"modified":"2011-03-04T09:14:52","modified_gmt":"2011-03-04T12:14:52","slug":"minha-casa-2","status":"publish","type":"post","link":"https:\/\/www.sudoestehoje.com.br\/novoportal\/2011\/03\/04\/minha-casa-2\/","title":{"rendered":"MINHA LISTA, MINHA VIDA&#8230;"},"content":{"rendered":"<p style=\"text-align: center;\"><a href=\"http:\/\/www.google.com.br\/imgres?imgurl=http:\/\/www.jm1.com.br\/wp-content\/uploads\/2009\/05\/minha-casa1.jpg&amp;imgrefurl=http:\/\/www.jm1.com.br\/2009\/09\/programa-minha-casa-minha-vida-e-lancado-na-camara-municipal\/&amp;usg=__HdNCKpX5QnVmLHEV8hVFWikuTU8=&amp;h=415&amp;w=492&amp;sz=58&amp;hl=pt-br&amp;start=38&amp;zoom=1&amp;um=1&amp;itbs=1&amp;tbnid=41_7hYbOcLDvpM:&amp;tbnh=110&amp;tbnw=130&amp;prev=\/images%3Fq%3DMINHA%2BCASA%26start%3D20%26um%3D1%26hl%3Dpt-br%26sa%3DN%26rlz%3D1R2ADBS_pt-BRBR354%26ndsp%3D20%26tbs%3Disch:1&amp;ei=KchwTfjXOYP6tgeMsun-Dg\"><img loading=\"lazy\" decoding=\"async\" id=\"41_7hYbOcLDvpM:\" class=\"aligncenter\" src=\"http:\/\/t3.gstatic.com\/images?q=tbn:ANd9GcSLnKi5F0aO-dItbP9DK_GBuJZjvKizpzCTGoUsHq9f46Tq0_Fa4kf3QJfZ\" alt=\"\" width=\"130\" height=\"110\" \/><\/a><\/p>\n<p>O vereador Jo\u00e3o de Deus, presidente da c\u00e2mara municipal, n\u00e3o ficou satisfeito com a rela\u00e7\u00e3o dos benefici\u00e1rios das primeiras 60 casas do programa &#8216;Minha Casa Minha Vida&#8217;, enviada pela secret\u00e1ria Cledilene, do desenvolvimento social. Na lista, s\u00f3 constam os nomes e CPFs dos &#8216;contemplados&#8217;, mas omite os seus atuais endere\u00e7os, numa manifesta tentativa de dificultar qualquer investiga\u00e7\u00e3o. O pau que rola na c\u00e2mara \u00e9 que a lista atende interesses eleitoreiros, contemplando, apenas, correligion\u00e1rios e cabos eleitorais do prefeito. Grande novidade&#8230;<\/p>\n","protected":false},"excerpt":{"rendered":"<p>O vereador Jo\u00e3o de Deus, presidente da c\u00e2mara municipal, n\u00e3o ficou satisfeito com a rela\u00e7\u00e3o dos benefici\u00e1rios das primeiras 60 casas do programa &#8216;Minha Casa Minha Vida&#8217;, enviada pela secret\u00e1ria Cledilene, do desenvolvimento social. Na lista, s\u00f3 constam os nomes e CPFs dos &#8216;contemplados&#8217;, mas omite os seus atuais endere\u00e7os, numa manifesta tentativa de dificultar [&hellip;]<\/p>\n","protected":false},"author":2,"featured_media":0,"comment_status":"open","ping_status":"open","sticky":false,"template":"","format":"standard","meta":{"footnotes":"","_links_to":"","_links_to_target":""},"categories":[11],"tags":[],"class_list":["post-3710","post","type-post","status-publish","format-standard","hentry","category-quentinhas"],"views":1266,"_links":{"self":[{"href":"https:\/\/www.sudoestehoje.com.br\/novoportal\/wp-json\/wp\/v2\/posts\/3710","targetHints":{"allow":["GET"]}}],"collection":[{"href":"https:\/\/www.sudoestehoje.com.br\/novoportal\/wp-json\/wp\/v2\/posts"}],"about":[{"href":"https:\/\/www.sudoestehoje.com.br\/novoportal\/wp-json\/wp\/v2\/types\/post"}],"author":[{"embeddable":true,"href":"https:\/\/www.sudoestehoje.com.br\/novoportal\/wp-json\/wp\/v2\/users\/2"}],"replies":[{"embeddable":true,"href":"https:\/\/www.sudoestehoje.com.br\/novoportal\/wp-json\/wp\/v2\/comments?post=3710"}],"version-history":[{"count":2,"href":"https:\/\/www.sudoestehoje.com.br\/novoportal\/wp-json\/wp\/v2\/posts\/3710\/revisions"}],"predecessor-version":[{"id":3721,"href":"https:\/\/www.sudoestehoje.com.br\/novoportal\/wp-json\/wp\/v2\/posts\/3710\/revisions\/3721"}],"wp:attachment":[{"href":"https:\/\/www.sudoestehoje.com.br\/novoportal\/wp-json\/wp\/v2\/media?parent=3710"}],"wp:term":[{"taxonomy":"category","embeddable":true,"href":"https:\/\/www.sudoestehoje.com.br\/novoportal\/wp-json\/wp\/v2\/categories?post=3710"},{"taxonomy":"post_tag","embeddable":true,"href":"https:\/\/www.sudoestehoje.com.br\/novoportal\/wp-json\/wp\/v2\/tags?post=3710"}],"curies":[{"name":"wp","href":"https:\/\/api.w.org\/{rel}","templated":true}]}}