
{"id":37052,"date":"2014-05-17T00:16:57","date_gmt":"2014-05-17T03:16:57","guid":{"rendered":"http:\/\/www.sudoestehoje.com.br\/novoportal\/?p=37052"},"modified":"2014-05-17T15:08:15","modified_gmt":"2014-05-17T18:08:15","slug":"michel-hagge-formaliza-apoio-a-herzem-gusmao-para-deputado-estadual","status":"publish","type":"post","link":"https:\/\/www.sudoestehoje.com.br\/novoportal\/2014\/05\/17\/michel-hagge-formaliza-apoio-a-herzem-gusmao-para-deputado-estadual\/","title":{"rendered":"MICHEL HAGGE FORMALIZA APOIO A HERZEM GUSM\u00c3O PARA DEPUTADO ESTADUAL"},"content":{"rendered":"<p><a href=\"http:\/\/www.sudoestehoje.com.br\/novoportal\/wp-content\/uploads\/2014\/05\/GEDC0282.jpg\"><img loading=\"lazy\" decoding=\"async\" class=\"aligncenter size-medium wp-image-37055\" alt=\"GEDSC DIGITAL CAMERA\" src=\"http:\/\/www.sudoestehoje.com.br\/novoportal\/wp-content\/uploads\/2014\/05\/GEDC0282-500x375.jpg\" width=\"500\" height=\"375\" srcset=\"https:\/\/www.sudoestehoje.com.br\/novoportal\/wp-content\/uploads\/2014\/05\/GEDC0282-500x375.jpg 500w, https:\/\/www.sudoestehoje.com.br\/novoportal\/wp-content\/uploads\/2014\/05\/GEDC0282.jpg 640w\" sizes=\"auto, (max-width: 500px) 100vw, 500px\" \/><\/a><\/p>\n<p>ITAPETINGA: Durante a visita da chapa oposicionista que concorrer\u00e1 ao governo e senado, nesta sexta-feira, muito se especulou sobre quem receberia o apoio do ex-prefeito Michel Hagge, para deputado estadual, j\u00e1 que o peemedebista n\u00e3o ir\u00e1 se candidatar nessas elei\u00e7\u00f5es, sendo cobi\u00e7ado por uma gama de pr\u00e9-candidatos do PMDB e do Democratas.<\/p>\n<p>Na chegada da comitiva ao aeroporto local, Michel chegou a declarar para a imprensa que ainda n\u00e3o havia tomado nenhuma decis\u00e3o, mas que havia uma grande possibilidade de vir a apoiar o tamb\u00e9m peemedebista Herzem Gusm\u00e3o, que concorrer\u00e1 \u00e0 uma vaga na Assembl\u00e9ia Legislativa.<\/p>\n<p>A declara\u00e7\u00e3o de Michel criou uma certa expectativa e havia quem apostasse que o apoio seria declarado durante o seu discurso no encontro na C\u00e2mara Municipal, o que acabou n\u00e3o acontecendo durante o evento, mas que veio a ser confirmado durante a visita da comitiva ao Parque de Exposi\u00e7\u00f5es, no in\u00edcio da noite, quando Michel se dirigiu a Herzem, na presen\u00e7a de um grupo de amigos, pol\u00edticos e jornalistas, e disse: \u00a0&#8220;Herzem, pode anunciar para quem voc\u00ea quiser, que contar\u00e1 com o meio apoio e do meu grupo, como candidato a deputado estadual em Itapetinga e regi\u00e3o&#8221;.<\/p>\n<p>Comenta-se que pesou na decis\u00e3o de Michel, o fato de Herzem Gusm\u00e3o ser um pol\u00edtico atuante e respeitado em Vitoria da Conquista, cidade que mant\u00eam uma forte liga\u00e7\u00e3o com Itapetinga. O apoio foi tamb\u00e9m referendado pela ex-deputada Virg\u00ednia Hagge, que n\u00e3o concorrer\u00e1 no pleito de outubro, por motivo de sa\u00fade.<\/p>\n<p><strong style=\"line-height: 1.5em;\"><em>Por Davi Ferraz<\/em><\/strong><\/p>\n","protected":false},"excerpt":{"rendered":"<p>ITAPETINGA: Durante a visita da chapa oposicionista que concorrer\u00e1 ao governo e senado, nesta sexta-feira, muito se especulou sobre quem receberia o apoio do ex-prefeito Michel Hagge, para deputado estadual, j\u00e1 que o peemedebista n\u00e3o ir\u00e1 se candidatar nessas elei\u00e7\u00f5es, sendo cobi\u00e7ado por uma gama de pr\u00e9-candidatos do PMDB e do Democratas. Na chegada da [&hellip;]<\/p>\n","protected":false},"author":2,"featured_media":0,"comment_status":"open","ping_status":"open","sticky":false,"template":"","format":"standard","meta":{"footnotes":"","_links_to":"","_links_to_target":""},"categories":[1],"tags":[],"class_list":["post-37052","post","type-post","status-publish","format-standard","hentry","category-geral"],"views":1033,"_links":{"self":[{"href":"https:\/\/www.sudoestehoje.com.br\/novoportal\/wp-json\/wp\/v2\/posts\/37052","targetHints":{"allow":["GET"]}}],"collection":[{"href":"https:\/\/www.sudoestehoje.com.br\/novoportal\/wp-json\/wp\/v2\/posts"}],"about":[{"href":"https:\/\/www.sudoestehoje.com.br\/novoportal\/wp-json\/wp\/v2\/types\/post"}],"author":[{"embeddable":true,"href":"https:\/\/www.sudoestehoje.com.br\/novoportal\/wp-json\/wp\/v2\/users\/2"}],"replies":[{"embeddable":true,"href":"https:\/\/www.sudoestehoje.com.br\/novoportal\/wp-json\/wp\/v2\/comments?post=37052"}],"version-history":[{"count":4,"href":"https:\/\/www.sudoestehoje.com.br\/novoportal\/wp-json\/wp\/v2\/posts\/37052\/revisions"}],"predecessor-version":[{"id":37150,"href":"https:\/\/www.sudoestehoje.com.br\/novoportal\/wp-json\/wp\/v2\/posts\/37052\/revisions\/37150"}],"wp:attachment":[{"href":"https:\/\/www.sudoestehoje.com.br\/novoportal\/wp-json\/wp\/v2\/media?parent=37052"}],"wp:term":[{"taxonomy":"category","embeddable":true,"href":"https:\/\/www.sudoestehoje.com.br\/novoportal\/wp-json\/wp\/v2\/categories?post=37052"},{"taxonomy":"post_tag","embeddable":true,"href":"https:\/\/www.sudoestehoje.com.br\/novoportal\/wp-json\/wp\/v2\/tags?post=37052"}],"curies":[{"name":"wp","href":"https:\/\/api.w.org\/{rel}","templated":true}]}}