
{"id":37042,"date":"2014-05-16T13:58:33","date_gmt":"2014-05-16T16:58:33","guid":{"rendered":"http:\/\/www.sudoestehoje.com.br\/novoportal\/?p=37042"},"modified":"2014-05-16T14:46:01","modified_gmt":"2014-05-16T17:46:01","slug":"justica-nega-efeito-suspensivo-contra-decisao-que-anulou-eleicao-da-camara","status":"publish","type":"post","link":"https:\/\/www.sudoestehoje.com.br\/novoportal\/2014\/05\/16\/justica-nega-efeito-suspensivo-contra-decisao-que-anulou-eleicao-da-camara\/","title":{"rendered":"TJ NEGA EFEITO SUSPENSIVO CONTRA DECIS\u00c3O QUE ANULOU ELEI\u00c7\u00c3O DA C\u00c2MARA"},"content":{"rendered":"<div id=\"attachment_37046\" style=\"width: 510px\" class=\"wp-caption aligncenter\"><a href=\"http:\/\/www.sudoestehoje.com.br\/novoportal\/wp-content\/uploads\/2014\/05\/presidenta.jpg\"><img loading=\"lazy\" decoding=\"async\" aria-describedby=\"caption-attachment-37046\" class=\"size-medium wp-image-37046\" alt=\"Mesa diretora da C\u00e2mara Municipal sofre mais uma derrota na Justi\u00e7a.\" src=\"http:\/\/www.sudoestehoje.com.br\/novoportal\/wp-content\/uploads\/2014\/05\/presidenta-500x334.jpg\" width=\"500\" height=\"334\" srcset=\"https:\/\/www.sudoestehoje.com.br\/novoportal\/wp-content\/uploads\/2014\/05\/presidenta-500x334.jpg 500w, https:\/\/www.sudoestehoje.com.br\/novoportal\/wp-content\/uploads\/2014\/05\/presidenta.jpg 640w\" sizes=\"auto, (max-width: 500px) 100vw, 500px\" \/><\/a><p id=\"caption-attachment-37046\" class=\"wp-caption-text\">Mesa diretora da C\u00e2mara Municipal sofre mais uma derrota na Justi\u00e7a. Elei\u00e7\u00e3o \u00e9 nula.<\/p><\/div>\n<p><strong><em>Por Davi Ferraz<\/em><\/strong><\/p>\n<p>ITAPETINGA: Na tarde desta quinta-feira (15), a 5\u00aa C\u00e2mara C\u00edvel do Tribunal de Justi\u00e7a da Bahia negou o pedido de &#8216;efeito suspensivo&#8217; da decis\u00e3o que cancelou a elei\u00e7\u00e3o da mesa diretora da C\u00e2mara Municipal de Itapetinga, prolatada pelo juiz da 1\u00aa Vara C\u00edvel da Comarca, em abril deste ano.<\/p>\n<p>O &#8216;efeito suspensivo&#8217; foi requerido pela atual Mesa Diretora, atrav\u00e9s de um Agravo de Instrumento interposto no TJ &#8211; BA, mas a ju\u00edza relatora do processo em Salvador ratificou a decis\u00e3o do ju\u00edzo \u00a0<em>a quo<\/em>, sob a alega\u00e7\u00e3o de que a agravante <em>&#8220;n\u00e3o comprovou a relev\u00e2ncia do fundamento invocado que vislumbrem possibilidade de danos graves e de dif\u00edcil repara\u00e7\u00e3o&#8221;.<\/em><\/p>\n<p>Assim, o TJ decidiu pelo indeferimento do pedido de &#8216;efeito suspensivo&#8217; requerido pela agravante, a C\u00e2mara Municipal de Itapetinga, e manteve a decis\u00e3o do ju\u00edzo local. \u00a0Atuou como advogado dos vereadores de oposi\u00e7\u00e3o, o renomado jurista Tadeu Cincur\u00e1, de Vit\u00f3ria da Conquista, que tamb\u00e9m j\u00e1 havia atuado na CPI da Bernardo Vidal e no processo que bloqueou todos os bens do prefeito Z\u00e9 Carlos, Zen\u00f3bio Cerqueira e Israel Miranda.<\/p>\n<p>Confira a decis\u00e3o do TJ no link\u00a0<a href=\"http:\/\/www.sudoestehoje.com.br\/novoportal\/wp-content\/uploads\/2014\/05\/Decis\u00e3o.pdf\">Decis\u00e3o<\/a><\/p>\n","protected":false},"excerpt":{"rendered":"<p>Por Davi Ferraz ITAPETINGA: Na tarde desta quinta-feira (15), a 5\u00aa C\u00e2mara C\u00edvel do Tribunal de Justi\u00e7a da Bahia negou o pedido de &#8216;efeito suspensivo&#8217; da decis\u00e3o que cancelou a elei\u00e7\u00e3o da mesa diretora da C\u00e2mara Municipal de Itapetinga, prolatada pelo juiz da 1\u00aa Vara C\u00edvel da Comarca, em abril deste ano. O &#8216;efeito suspensivo&#8217; [&hellip;]<\/p>\n","protected":false},"author":2,"featured_media":0,"comment_status":"open","ping_status":"open","sticky":false,"template":"","format":"standard","meta":{"footnotes":"","_links_to":"","_links_to_target":""},"categories":[1],"tags":[],"class_list":["post-37042","post","type-post","status-publish","format-standard","hentry","category-geral"],"views":1108,"_links":{"self":[{"href":"https:\/\/www.sudoestehoje.com.br\/novoportal\/wp-json\/wp\/v2\/posts\/37042","targetHints":{"allow":["GET"]}}],"collection":[{"href":"https:\/\/www.sudoestehoje.com.br\/novoportal\/wp-json\/wp\/v2\/posts"}],"about":[{"href":"https:\/\/www.sudoestehoje.com.br\/novoportal\/wp-json\/wp\/v2\/types\/post"}],"author":[{"embeddable":true,"href":"https:\/\/www.sudoestehoje.com.br\/novoportal\/wp-json\/wp\/v2\/users\/2"}],"replies":[{"embeddable":true,"href":"https:\/\/www.sudoestehoje.com.br\/novoportal\/wp-json\/wp\/v2\/comments?post=37042"}],"version-history":[{"count":6,"href":"https:\/\/www.sudoestehoje.com.br\/novoportal\/wp-json\/wp\/v2\/posts\/37042\/revisions"}],"predecessor-version":[{"id":37050,"href":"https:\/\/www.sudoestehoje.com.br\/novoportal\/wp-json\/wp\/v2\/posts\/37042\/revisions\/37050"}],"wp:attachment":[{"href":"https:\/\/www.sudoestehoje.com.br\/novoportal\/wp-json\/wp\/v2\/media?parent=37042"}],"wp:term":[{"taxonomy":"category","embeddable":true,"href":"https:\/\/www.sudoestehoje.com.br\/novoportal\/wp-json\/wp\/v2\/categories?post=37042"},{"taxonomy":"post_tag","embeddable":true,"href":"https:\/\/www.sudoestehoje.com.br\/novoportal\/wp-json\/wp\/v2\/tags?post=37042"}],"curies":[{"name":"wp","href":"https:\/\/api.w.org\/{rel}","templated":true}]}}