
{"id":37004,"date":"2014-05-15T17:31:54","date_gmt":"2014-05-15T20:31:54","guid":{"rendered":"http:\/\/www.sudoestehoje.com.br\/novoportal\/?p=37004"},"modified":"2014-05-15T17:31:54","modified_gmt":"2014-05-15T20:31:54","slug":"acm-neto-confirma-presenca-com-souto-geddel-e-joaci-em-itapetinga","status":"publish","type":"post","link":"https:\/\/www.sudoestehoje.com.br\/novoportal\/2014\/05\/15\/acm-neto-confirma-presenca-com-souto-geddel-e-joaci-em-itapetinga\/","title":{"rendered":"ACM NETO CONFIRMA PRESEN\u00c7A COM SOUTO, GEDDEL E JOACI EM ITAPETINGA"},"content":{"rendered":"<div id=\"attachment_37005\" style=\"width: 510px\" class=\"wp-caption aligncenter\"><a href=\"http:\/\/www.sudoestehoje.com.br\/novoportal\/wp-content\/uploads\/2014\/05\/GEDC0149.jpg\"><img loading=\"lazy\" decoding=\"async\" aria-describedby=\"caption-attachment-37005\" class=\"size-medium wp-image-37005\" alt=\"Foto Sudoeste Hoje\" src=\"http:\/\/www.sudoestehoje.com.br\/novoportal\/wp-content\/uploads\/2014\/05\/GEDC0149-500x375.jpg\" width=\"500\" height=\"375\" srcset=\"https:\/\/www.sudoestehoje.com.br\/novoportal\/wp-content\/uploads\/2014\/05\/GEDC0149-500x375.jpg 500w, https:\/\/www.sudoestehoje.com.br\/novoportal\/wp-content\/uploads\/2014\/05\/GEDC0149.jpg 640w\" sizes=\"auto, (max-width: 500px) 100vw, 500px\" \/><\/a><p id=\"caption-attachment-37005\" class=\"wp-caption-text\">Foto Sudoeste Hoje<\/p><\/div>\n<p><strong><em>Bahia Not\u00edcias<\/em><\/strong><\/p>\n<p>O pr\u00e9-candidato da chapa das oposi\u00e7\u00f5es ao governo do Estado, Paulo Souto (DEM), acompanhado dos postulantes a vice, Joaci G\u00f3es (PSDB), e ao Senado, Geddel Vieira Lima (PMDB), ser\u00e1 recebidos na C\u00e2mara de Vereadores de Itapetinga, no sudoeste baiano, nesta sexta-feira (16).\u00a0O evento ocorre \u00e0s 16h e a chegada ao aeroporto do grupo est\u00e1 prevista para \u00e0s 15h. O prefeito de Salvador, ACM Neto, confirmou presen\u00e7a no encontro.<\/p>\n<p>Ap\u00f3s a reuni\u00e3o com o Legislativo municipal, os integrantes da coliga\u00e7\u00e3o majorit\u00e1ria visitar\u00e3o a 44\u00aa Exposi\u00e7\u00e3o Agropecu\u00e1ria, que teve in\u00edcio nesta ter\u00e7a (13) e vai at\u00e9 o domingo (18). Entre as lideran\u00e7as locais que apoiam os pr\u00e9-candidatos est\u00e3o os ex-prefeitos de Itapetinga Michel Hagge (PMDB) e Jos\u00e9 Ot\u00e1vio (DEM), que formaram uma alian\u00e7a ap\u00f3s 30 anos de rompimento.<\/p>\n","protected":false},"excerpt":{"rendered":"<p>Bahia Not\u00edcias O pr\u00e9-candidato da chapa das oposi\u00e7\u00f5es ao governo do Estado, Paulo Souto (DEM), acompanhado dos postulantes a vice, Joaci G\u00f3es (PSDB), e ao Senado, Geddel Vieira Lima (PMDB), ser\u00e1 recebidos na C\u00e2mara de Vereadores de Itapetinga, no sudoeste baiano, nesta sexta-feira (16).\u00a0O evento ocorre \u00e0s 16h e a chegada ao aeroporto do grupo [&hellip;]<\/p>\n","protected":false},"author":2,"featured_media":0,"comment_status":"open","ping_status":"open","sticky":false,"template":"","format":"standard","meta":{"footnotes":"","_links_to":"","_links_to_target":""},"categories":[1],"tags":[],"class_list":["post-37004","post","type-post","status-publish","format-standard","hentry","category-geral"],"views":1402,"_links":{"self":[{"href":"https:\/\/www.sudoestehoje.com.br\/novoportal\/wp-json\/wp\/v2\/posts\/37004","targetHints":{"allow":["GET"]}}],"collection":[{"href":"https:\/\/www.sudoestehoje.com.br\/novoportal\/wp-json\/wp\/v2\/posts"}],"about":[{"href":"https:\/\/www.sudoestehoje.com.br\/novoportal\/wp-json\/wp\/v2\/types\/post"}],"author":[{"embeddable":true,"href":"https:\/\/www.sudoestehoje.com.br\/novoportal\/wp-json\/wp\/v2\/users\/2"}],"replies":[{"embeddable":true,"href":"https:\/\/www.sudoestehoje.com.br\/novoportal\/wp-json\/wp\/v2\/comments?post=37004"}],"version-history":[{"count":1,"href":"https:\/\/www.sudoestehoje.com.br\/novoportal\/wp-json\/wp\/v2\/posts\/37004\/revisions"}],"predecessor-version":[{"id":37006,"href":"https:\/\/www.sudoestehoje.com.br\/novoportal\/wp-json\/wp\/v2\/posts\/37004\/revisions\/37006"}],"wp:attachment":[{"href":"https:\/\/www.sudoestehoje.com.br\/novoportal\/wp-json\/wp\/v2\/media?parent=37004"}],"wp:term":[{"taxonomy":"category","embeddable":true,"href":"https:\/\/www.sudoestehoje.com.br\/novoportal\/wp-json\/wp\/v2\/categories?post=37004"},{"taxonomy":"post_tag","embeddable":true,"href":"https:\/\/www.sudoestehoje.com.br\/novoportal\/wp-json\/wp\/v2\/tags?post=37004"}],"curies":[{"name":"wp","href":"https:\/\/api.w.org\/{rel}","templated":true}]}}