
{"id":36998,"date":"2014-05-15T17:11:40","date_gmt":"2014-05-15T20:11:40","guid":{"rendered":"http:\/\/www.sudoestehoje.com.br\/novoportal\/?p=36998"},"modified":"2014-05-15T17:17:40","modified_gmt":"2014-05-15T20:17:40","slug":"junta-medica-descarta-tratamento-domiciliar-a-lider-da-greve-da-pm-ba","status":"publish","type":"post","link":"https:\/\/www.sudoestehoje.com.br\/novoportal\/2014\/05\/15\/junta-medica-descarta-tratamento-domiciliar-a-lider-da-greve-da-pm-ba\/","title":{"rendered":"JUNTA M\u00c9DICA DO SUPREMO NEGA TRATAMENTO DOMICILIAR A PRISCO"},"content":{"rendered":"<p><a href=\"http:\/\/www.sudoestehoje.com.br\/novoportal\/wp-content\/uploads\/2014\/05\/Pris\u00e3o-Prisco-Reprodu\u00e7\u00e3o-Rede-Globo.jpg\"><img loading=\"lazy\" decoding=\"async\" class=\"aligncenter size-medium wp-image-36999\" alt=\"Pris\u00e3o-Prisco-Reprodu\u00e7\u00e3o-Rede-Globo\" src=\"http:\/\/www.sudoestehoje.com.br\/novoportal\/wp-content\/uploads\/2014\/05\/Pris\u00e3o-Prisco-Reprodu\u00e7\u00e3o-Rede-Globo-500x334.jpg\" width=\"500\" height=\"334\" srcset=\"https:\/\/www.sudoestehoje.com.br\/novoportal\/wp-content\/uploads\/2014\/05\/Pris\u00e3o-Prisco-Reprodu\u00e7\u00e3o-Rede-Globo-500x334.jpg 500w, https:\/\/www.sudoestehoje.com.br\/novoportal\/wp-content\/uploads\/2014\/05\/Pris\u00e3o-Prisco-Reprodu\u00e7\u00e3o-Rede-Globo.jpg 565w\" sizes=\"auto, (max-width: 500px) 100vw, 500px\" \/><\/a><\/p>\n<p>Uma junta m\u00e9dica do Supremo Tribunal Federal (STF) concluiu que o ex-policial e l\u00edder das tr\u00eas \u00faltimas greves da Pol\u00edcia Militar (PM-BA), Marcos Prisco, n\u00e3o precisa de tratamento domiciliar.<\/p>\n<p>A defesa do vereador soteropolitano, alegando risco \u00e0 vida do cliente, entrou com pedido para que Prisco cumpra pris\u00e3o domiciliar. A junta foi convocada pelo relator do caso, ministro Ricardo Lewandowski.<\/p>\n<p>\u201cAp\u00f3s avalia\u00e7\u00e3o da hist\u00f3ria cl\u00ednica, exame f\u00edsico, exames complementares e pareceres especializados que se encontram apensos ao prontu\u00e1rio, conclu\u00edmos que o paciente n\u00e3o apresenta, no momento, evid\u00eancia de cardiopatia que exija tratamento hospitalar ou domiciliar\u201d, \u00e9 o que concluiu a junta m\u00e9dica.<\/p>\n<p>Prisco est\u00e1 preso desde 18 de abril, menos de um dia ap\u00f3s encerrada a greve da Pol\u00edcia Militar. Logo, o policial foi transferido para o Complexo da Papuda, em Bras\u00edlia, onde passou mal e foi internado em hospital de Bras\u00edlia.<\/p>\n","protected":false},"excerpt":{"rendered":"<p>Uma junta m\u00e9dica do Supremo Tribunal Federal (STF) concluiu que o ex-policial e l\u00edder das tr\u00eas \u00faltimas greves da Pol\u00edcia Militar (PM-BA), Marcos Prisco, n\u00e3o precisa de tratamento domiciliar. A defesa do vereador soteropolitano, alegando risco \u00e0 vida do cliente, entrou com pedido para que Prisco cumpra pris\u00e3o domiciliar. A junta foi convocada pelo relator [&hellip;]<\/p>\n","protected":false},"author":2,"featured_media":0,"comment_status":"open","ping_status":"open","sticky":false,"template":"","format":"standard","meta":{"footnotes":"","_links_to":"","_links_to_target":""},"categories":[1],"tags":[],"class_list":["post-36998","post","type-post","status-publish","format-standard","hentry","category-geral"],"views":1397,"_links":{"self":[{"href":"https:\/\/www.sudoestehoje.com.br\/novoportal\/wp-json\/wp\/v2\/posts\/36998","targetHints":{"allow":["GET"]}}],"collection":[{"href":"https:\/\/www.sudoestehoje.com.br\/novoportal\/wp-json\/wp\/v2\/posts"}],"about":[{"href":"https:\/\/www.sudoestehoje.com.br\/novoportal\/wp-json\/wp\/v2\/types\/post"}],"author":[{"embeddable":true,"href":"https:\/\/www.sudoestehoje.com.br\/novoportal\/wp-json\/wp\/v2\/users\/2"}],"replies":[{"embeddable":true,"href":"https:\/\/www.sudoestehoje.com.br\/novoportal\/wp-json\/wp\/v2\/comments?post=36998"}],"version-history":[{"count":4,"href":"https:\/\/www.sudoestehoje.com.br\/novoportal\/wp-json\/wp\/v2\/posts\/36998\/revisions"}],"predecessor-version":[{"id":37003,"href":"https:\/\/www.sudoestehoje.com.br\/novoportal\/wp-json\/wp\/v2\/posts\/36998\/revisions\/37003"}],"wp:attachment":[{"href":"https:\/\/www.sudoestehoje.com.br\/novoportal\/wp-json\/wp\/v2\/media?parent=36998"}],"wp:term":[{"taxonomy":"category","embeddable":true,"href":"https:\/\/www.sudoestehoje.com.br\/novoportal\/wp-json\/wp\/v2\/categories?post=36998"},{"taxonomy":"post_tag","embeddable":true,"href":"https:\/\/www.sudoestehoje.com.br\/novoportal\/wp-json\/wp\/v2\/tags?post=36998"}],"curies":[{"name":"wp","href":"https:\/\/api.w.org\/{rel}","templated":true}]}}