
{"id":36961,"date":"2014-05-14T16:38:58","date_gmt":"2014-05-14T19:38:58","guid":{"rendered":"http:\/\/www.sudoestehoje.com.br\/novoportal\/?p=36961"},"modified":"2014-05-14T16:38:58","modified_gmt":"2014-05-14T19:38:58","slug":"prefeitos-presos-pela-pf-serao-levados-para-presidio-em-salvador","status":"publish","type":"post","link":"https:\/\/www.sudoestehoje.com.br\/novoportal\/2014\/05\/14\/prefeitos-presos-pela-pf-serao-levados-para-presidio-em-salvador\/","title":{"rendered":"PREFEITOS PRESOS PELA PF SER\u00c3O LEVADOS PARA PRES\u00cdDIO EM SALVADOR"},"content":{"rendered":"<p style=\"text-align: center;\"><a href=\"http:\/\/www.sudoestehoje.com.br\/novoportal\/wp-content\/uploads\/2014\/05\/prefeitos-presos.jpg\"><img decoding=\"async\" class=\"aligncenter  wp-image-36962\" alt=\"prefeitos presos\" src=\"http:\/\/www.sudoestehoje.com.br\/novoportal\/wp-content\/uploads\/2014\/05\/prefeitos-presos.jpg\" width=\"450\" \/><\/a><\/p>\n<p>Os prefeitos dos munic\u00edpios baianos de F\u00e1tima, Jos\u00e9 Idelfonso Borges dos Santos, e de S\u00edtio do Quinto, Cleigivaldo Carvalho Santa Rosa, ambos do PDT, presos nesta quarta-feira, ainda n\u00e3o foram ouvidos na sede da Pol\u00edcia Federal, em Salvador.<\/p>\n<p>De acordo com a assessoria de comunica\u00e7\u00e3o da PF a oitiva pode ou n\u00e3o acontecer nesta quarta, mas &#8220;hoje mesmo eles devem deixar a unidade e seguir ao sistema prisional de Salvador&#8221;. A medida \u00e9 justamente para garantir que os gestores respondam pelos crimes supostamente cometidos.<\/p>\n<p>Al\u00e9m dos dois, mais quatro pessoas que eram procuradas tamb\u00e9m se apresentaram nesta quarta, na sede da Pol\u00edcia Federal. At\u00e9 a noite desta ter\u00e7a-feira, 19 pessoas j\u00e1 haviam sido presas durante a Opera\u00e7\u00e3o 13 de Maio, que desarticulou uma quadrilha composta por 153 funcion\u00e1rios p\u00fablicos (entre eles, 28 agentes pol\u00edticos) e empres\u00e1rios.<\/p>\n<p>Com empresas de fachada, o esquema desviou pelo menos R$ 70 milh\u00f5es do er\u00e1rio.<\/p>\n","protected":false},"excerpt":{"rendered":"<p>Os prefeitos dos munic\u00edpios baianos de F\u00e1tima, Jos\u00e9 Idelfonso Borges dos Santos, e de S\u00edtio do Quinto, Cleigivaldo Carvalho Santa Rosa, ambos do PDT, presos nesta quarta-feira, ainda n\u00e3o foram ouvidos na sede da Pol\u00edcia Federal, em Salvador. De acordo com a assessoria de comunica\u00e7\u00e3o da PF a oitiva pode ou n\u00e3o acontecer nesta quarta, [&hellip;]<\/p>\n","protected":false},"author":2,"featured_media":0,"comment_status":"open","ping_status":"open","sticky":false,"template":"","format":"standard","meta":{"footnotes":"","_links_to":"","_links_to_target":""},"categories":[1],"tags":[],"class_list":["post-36961","post","type-post","status-publish","format-standard","hentry","category-geral"],"views":1274,"_links":{"self":[{"href":"https:\/\/www.sudoestehoje.com.br\/novoportal\/wp-json\/wp\/v2\/posts\/36961","targetHints":{"allow":["GET"]}}],"collection":[{"href":"https:\/\/www.sudoestehoje.com.br\/novoportal\/wp-json\/wp\/v2\/posts"}],"about":[{"href":"https:\/\/www.sudoestehoje.com.br\/novoportal\/wp-json\/wp\/v2\/types\/post"}],"author":[{"embeddable":true,"href":"https:\/\/www.sudoestehoje.com.br\/novoportal\/wp-json\/wp\/v2\/users\/2"}],"replies":[{"embeddable":true,"href":"https:\/\/www.sudoestehoje.com.br\/novoportal\/wp-json\/wp\/v2\/comments?post=36961"}],"version-history":[{"count":2,"href":"https:\/\/www.sudoestehoje.com.br\/novoportal\/wp-json\/wp\/v2\/posts\/36961\/revisions"}],"predecessor-version":[{"id":36964,"href":"https:\/\/www.sudoestehoje.com.br\/novoportal\/wp-json\/wp\/v2\/posts\/36961\/revisions\/36964"}],"wp:attachment":[{"href":"https:\/\/www.sudoestehoje.com.br\/novoportal\/wp-json\/wp\/v2\/media?parent=36961"}],"wp:term":[{"taxonomy":"category","embeddable":true,"href":"https:\/\/www.sudoestehoje.com.br\/novoportal\/wp-json\/wp\/v2\/categories?post=36961"},{"taxonomy":"post_tag","embeddable":true,"href":"https:\/\/www.sudoestehoje.com.br\/novoportal\/wp-json\/wp\/v2\/tags?post=36961"}],"curies":[{"name":"wp","href":"https:\/\/api.w.org\/{rel}","templated":true}]}}