
{"id":36953,"date":"2014-05-14T12:59:35","date_gmt":"2014-05-14T15:59:35","guid":{"rendered":"http:\/\/www.sudoestehoje.com.br\/novoportal\/?p=36953"},"modified":"2014-05-14T13:00:01","modified_gmt":"2014-05-14T16:00:01","slug":"alfredo-cabral-diz-que-seus-projetos-estao-sendo-engavetados","status":"publish","type":"post","link":"https:\/\/www.sudoestehoje.com.br\/novoportal\/2014\/05\/14\/alfredo-cabral-diz-que-seus-projetos-estao-sendo-engavetados\/","title":{"rendered":"ALFREDO CABRAL DIZ QUE SEUS PROJETOS EST\u00c3O SENDO ENGAVETADOS"},"content":{"rendered":"<div id=\"attachment_36954\" style=\"width: 510px\" class=\"wp-caption aligncenter\"><a href=\"http:\/\/www.sudoestehoje.com.br\/novoportal\/wp-content\/uploads\/2014\/05\/Alfredo1.jpg\"><img loading=\"lazy\" decoding=\"async\" aria-describedby=\"caption-attachment-36954\" class=\"size-full wp-image-36954\" alt=\"Foto Sudoeste Hoje\" src=\"http:\/\/www.sudoestehoje.com.br\/novoportal\/wp-content\/uploads\/2014\/05\/Alfredo1.jpg\" width=\"500\" height=\"281\" \/><\/a><p id=\"caption-attachment-36954\" class=\"wp-caption-text\">Foto Sudoeste Hoje<\/p><\/div>\n<p><strong><em>Ascom<\/em><\/strong><\/p>\n<p>Na sess\u00e3o da c\u00e2mara de vereadores da \u00faltima quinta-feira (8), o vereador Alfredo Cabral de Assis (PSD) reclamou de que projetos de sua autoria estariam sendo engavetados e que por diversas vezes solicitou esclarecimento e n\u00e3o contou com nenhuma aten\u00e7\u00e3o da Mesa Diretora do Legislativo Municipal.<\/p>\n<p>No seu discurso, Alfredo Cabral citou importantes projetos de lei deveriam estar em tramita\u00e7\u00e3o, mas que foram &#8216;esquecidos&#8217; pela Mesa Diretora. Confira os projetos do vereador Alfredo:<!--more--><\/p>\n<p><b>Projeto que trata da delimita\u00e7\u00e3o dos bairros e renumera\u00e7\u00e3o das casas que est\u00e3o irregulares<\/b><\/p>\n<p>\u00c9 de autoria do vereador Alfredo Cabral de Assis o Projeto de Lei 022\/2013, que trata da delimita\u00e7\u00e3o dos bairros e renumera\u00e7\u00e3o das casas que apresentam irregularidades, o que vem dificultando a entrega de correspond\u00eancias pelo CORREIOS, prejudicando a vida dos moradores.<\/p>\n<p>Insatisfeito com o andamento do referido projeto e preocupado com o povo, ele explicou que a delimita\u00e7\u00e3o dos bairros vai permitir ao IBGE quando do Censo Demogr\u00e1fico levantar dados estat\u00edsticos a exemplo de n\u00famero de habita\u00e7\u00e3o, n\u00famero de habitantes, de atividades comerciais, de ind\u00fastrias, de empregos, de produ\u00e7\u00e3o, de consumo de energia, de consumo de \u00e1gua, de analfabetismo, de mortalidade, de atividades culturais etc.. Esse projeto teve parecer contr\u00e1rio pela Comiss\u00e3o de Constitui\u00e7\u00e3o, Justi\u00e7a e Reda\u00e7\u00e3o e que foi derrubado em plen\u00e1rio em sess\u00e3o do dia 30\/10\/2013 e, at\u00e9 a presente data a Mesa n\u00e3o retornou para vota\u00e7\u00e3o. A proposta tenta acabar com uma pol\u00eamica que j\u00e1 dura anos, regularizar ruas e bairros que s\u00f3 existem na pr\u00e1tica, pois nunca foram de fato oficializados, causam at\u00e9 hoje muitos transtornos para os itapetinguenses e era preciso a elabora\u00e7\u00e3o de um projeto popular como foi apresentado pelo edil.<\/p>\n<div>\n<p>\u00a0<b>Projeto\u00a0 Voto Aberto<\/b><\/p>\n<\/div>\n<div>\n<p>\u00a0Outro fato curioso foi com a apresenta\u00e7\u00e3o do Projeto de Resolu\u00e7\u00e3o 007\/2013, que trata do Voto Aberto, visa simplesmente adequar o Regimento Interno da C\u00e2mara, considerando que na Lei Org\u00e2nica do munic\u00edpio j\u00e1 foi aprovado o voto aberto, portanto, n\u00e3o justifica o Regimento Interno estar divergindo da Lei Org\u00e2nica. Houve a primeira vota\u00e7\u00e3o e aprova\u00e7\u00e3o por unanimidade em sess\u00e3o do dia 30\/10\/2013, quando da segunda vota\u00e7\u00e3o por articula\u00e7\u00e3o pol\u00edtica v\u00e1rios vereadores pediram vistas do processo e nunca mais a Mesa da C\u00e2mara apresentou para segunda vota\u00e7\u00e3o.<\/p>\n<\/div>\n<div>\n<p>\u00a0<b>Sess\u00f5es Especiais<\/b><\/p>\n<\/div>\n<div>\n<p>\u00a0Foi solicitado pelo vereador Alfredo Cabral de Assis e aprovado em plen\u00e1rio, a realiza\u00e7\u00e3o de uma sess\u00e3o especial para tratar do abastecimento de \u00e1gua em Itapetinga, isso antes da licita\u00e7\u00e3o para constru\u00e7\u00e3o da barragem no Rio Catol\u00e9. Preocupado com as dificuldades que poder\u00e1 ocorrer, o edil disse que haver\u00e1 uma redu\u00e7\u00e3o dr\u00e1stica no volume de \u00e1gua para Itapetinga e com certeza vir\u00e1 futuramente a prejudicar o nosso abastecimento. Sabemos tamb\u00e9m que o SAAE foi constru\u00eddo h\u00e1 muitos anos e Itapetinga vem crescendo, surgindo novos bairros e conjuntos habitacionais e estamos prevendo uma dificuldade na capita\u00e7\u00e3o, tratamento e distribui\u00e7\u00e3o de \u00e1gua para a cidade. Da\u00ed surgiu \u00e0 necessidade de uma discuss\u00e3o ampla a respeito do assunto e tomada de posi\u00e7\u00e3o em beneficio da popula\u00e7\u00e3o de Itapetinga.<\/p>\n<\/div>\n<p>O vereador Alfredo Cabral de Assis teve um pedido de sess\u00e3o especial para tratar a respeito das dificuldades das escolinhas de futebol da nossa cidade, visando \u00e0 melhoria das condi\u00e7\u00f5es de trabalho dessas escolinhas. Segundo o edil, as escolinhas n\u00e3o visam apenas \u00e0 forma\u00e7\u00e3o de atletas, mais principalmente, tirar os jovens do mundo do crime e formar cidad\u00e3os. E da mesma forma at\u00e9 hoje n\u00e3o foi autorizado \u00e0 realiza\u00e7\u00e3o da sess\u00e3o especial.<\/p>\n<div>\n<p>\u00a0<b>Transpar\u00eancia\u00a0<\/b><\/p>\n<\/div>\n<div>\n<p>\u00a0O vereador foi autor dos requerimentos aprovados em 26 e 27 de junho de 2013, de n\u00fameros 041 e 042, que determina \u00e0 publica\u00e7\u00e3o no Site Oficial da C\u00e2mara a frequ\u00eancia dos vereadores nas sess\u00f5es e as Di\u00e1rias liberadas para os vereadores, assessores e servidores da C\u00e2mara, respectivamente, desde o in\u00edcio dessa gest\u00e3o, sem que fosse at\u00e9 hoje efetuada as publica\u00e7\u00f5es, descumprindo a Lei Complementar 131-Lei de Transpar\u00eancia.<\/p>\n<\/div>\n","protected":false},"excerpt":{"rendered":"<p>Ascom Na sess\u00e3o da c\u00e2mara de vereadores da \u00faltima quinta-feira (8), o vereador Alfredo Cabral de Assis (PSD) reclamou de que projetos de sua autoria estariam sendo engavetados e que por diversas vezes solicitou esclarecimento e n\u00e3o contou com nenhuma aten\u00e7\u00e3o da Mesa Diretora do Legislativo Municipal. No seu discurso, Alfredo Cabral citou importantes projetos [&hellip;]<\/p>\n","protected":false},"author":2,"featured_media":0,"comment_status":"open","ping_status":"open","sticky":false,"template":"","format":"standard","meta":{"footnotes":"","_links_to":"","_links_to_target":""},"categories":[1],"tags":[],"class_list":["post-36953","post","type-post","status-publish","format-standard","hentry","category-geral"],"views":1284,"_links":{"self":[{"href":"https:\/\/www.sudoestehoje.com.br\/novoportal\/wp-json\/wp\/v2\/posts\/36953","targetHints":{"allow":["GET"]}}],"collection":[{"href":"https:\/\/www.sudoestehoje.com.br\/novoportal\/wp-json\/wp\/v2\/posts"}],"about":[{"href":"https:\/\/www.sudoestehoje.com.br\/novoportal\/wp-json\/wp\/v2\/types\/post"}],"author":[{"embeddable":true,"href":"https:\/\/www.sudoestehoje.com.br\/novoportal\/wp-json\/wp\/v2\/users\/2"}],"replies":[{"embeddable":true,"href":"https:\/\/www.sudoestehoje.com.br\/novoportal\/wp-json\/wp\/v2\/comments?post=36953"}],"version-history":[{"count":2,"href":"https:\/\/www.sudoestehoje.com.br\/novoportal\/wp-json\/wp\/v2\/posts\/36953\/revisions"}],"predecessor-version":[{"id":36956,"href":"https:\/\/www.sudoestehoje.com.br\/novoportal\/wp-json\/wp\/v2\/posts\/36953\/revisions\/36956"}],"wp:attachment":[{"href":"https:\/\/www.sudoestehoje.com.br\/novoportal\/wp-json\/wp\/v2\/media?parent=36953"}],"wp:term":[{"taxonomy":"category","embeddable":true,"href":"https:\/\/www.sudoestehoje.com.br\/novoportal\/wp-json\/wp\/v2\/categories?post=36953"},{"taxonomy":"post_tag","embeddable":true,"href":"https:\/\/www.sudoestehoje.com.br\/novoportal\/wp-json\/wp\/v2\/tags?post=36953"}],"curies":[{"name":"wp","href":"https:\/\/api.w.org\/{rel}","templated":true}]}}