
{"id":36916,"date":"2014-05-12T22:56:22","date_gmt":"2014-05-13T01:56:22","guid":{"rendered":"http:\/\/www.sudoestehoje.com.br\/novoportal\/?p=36916"},"modified":"2014-05-12T22:56:22","modified_gmt":"2014-05-13T01:56:22","slug":"eliana-calmon-diz-que-se-inspirou-no-capitao-nascimento-do-tropa-de-elite","status":"publish","type":"post","link":"https:\/\/www.sudoestehoje.com.br\/novoportal\/2014\/05\/12\/eliana-calmon-diz-que-se-inspirou-no-capitao-nascimento-do-tropa-de-elite\/","title":{"rendered":"ELIANA CALMON DIZ QUE SE INSPIROU NO CAPIT\u00c3O NASCIMENTO, DO TROPA DE ELITE"},"content":{"rendered":"<p><a href=\"http:\/\/www.sudoestehoje.com.br\/novoportal\/wp-content\/uploads\/2014\/05\/eliana-calmon-1024x680.jpg\"><img loading=\"lazy\" decoding=\"async\" class=\"aligncenter size-medium wp-image-36917\" alt=\"eliana-calmon-1024x680\" src=\"http:\/\/www.sudoestehoje.com.br\/novoportal\/wp-content\/uploads\/2014\/05\/eliana-calmon-1024x680-500x332.jpg\" width=\"500\" height=\"332\" srcset=\"https:\/\/www.sudoestehoje.com.br\/novoportal\/wp-content\/uploads\/2014\/05\/eliana-calmon-1024x680-500x332.jpg 500w, https:\/\/www.sudoestehoje.com.br\/novoportal\/wp-content\/uploads\/2014\/05\/eliana-calmon-1024x680-700x464.jpg 700w, https:\/\/www.sudoestehoje.com.br\/novoportal\/wp-content\/uploads\/2014\/05\/eliana-calmon-1024x680.jpg 1024w\" sizes=\"auto, (max-width: 500px) 100vw, 500px\" \/><\/a><\/p>\n<p><strong><em>Blog do F\u00e1bio Sena<\/em><\/strong><\/p>\n<p>VIT\u00d3RIA DA CONQUISTA: Acompanhada do ex-governador de Pernambuco e presidenci\u00e1vel Eduardo Campos e da senadora e pr\u00e9-candidata a governadora da Bahia, L\u00eddice da Mata, a ex-ministra do Superior Tribunal de Justi\u00e7a\/STJ, Eliana Calmon, arrancou sucessivos aplausos de uma plateia numerosa no audit\u00f3rio da Fainor ao afirmar que sua candidatura vai na contram\u00e3o da cultura pol\u00edtica hegem\u00f4nica, apresentando-se como alternativa \u00e0 \u201celite podre\u201d que governa o pa\u00eds.<\/p>\n<p>\u201cEstou aqui quase como uma a\u00e7\u00e3o de reintegra\u00e7\u00e3o de posse. Eu quero me apossar de espa\u00e7os p\u00fablicos que, por n\u00e3o exercermos a cidadania como devemos, foram apossados por pessoas que n\u00e3o qualifica\u00e7\u00e3o para estar l\u00e1\u201d, afirmou a ex-ministra. Todo o discurso foi pontuado por severas cr\u00edticas ao Partido dos Trabalhadores que, segundo ele, abandonou valores essenciais, como a \u00e9tica na condu\u00e7\u00e3o pol\u00edtica e as pol\u00edticas de inclus\u00e3o social.<\/p>\n<p>Eliana Calmon narrou trecho do filme Tropa de Elite, na qual o personagem principal, Capit\u00e3o Nascimento, depois de compor um dossi\u00ea contra a pol\u00edcia do Rio de Janeiro, dirige-se ao Congresso Nacional para apresentar a den\u00fancia. \u201cAquilo ali me deu muita inspira\u00e7\u00e3o. \u00c9 ali que come\u00e7am todas as coisas boas e ruins. E \u00e9 exatamente neste momento de reflex\u00e3o que eu disse: \u2018vou sair do judici\u00e1rio para me candidatar a um cargo eletivo\u2019\u201d, afirmou Eliana.<!--more--><\/p>\n<p>A ex-ministra lembrou que sua filia\u00e7\u00e3o ao PSB decorreu de convite do presidenci\u00e1vel Eduardo Campos e que havia recebido in\u00fameros convites para se candidatar por outros estados brasileiros, mas optou pela Bahia, \u201cminhas ra\u00edzes\u201d. \u201cEstamos sofrendo todas as dificuldades de uma campanha pobre, com pouco dinheiro, mas n\u00e3o vamos adotar a pol\u00edtica do toma l\u00e1 da c\u00e1. Pela \u00e9tica, pela corre\u00e7\u00e3o e por uma caminhada diferente. O nosso compromisso n\u00e3o \u00e9 com a elite podre desse pa\u00eds\u201d, declarou.<\/p>\n","protected":false},"excerpt":{"rendered":"<p>Blog do F\u00e1bio Sena VIT\u00d3RIA DA CONQUISTA: Acompanhada do ex-governador de Pernambuco e presidenci\u00e1vel Eduardo Campos e da senadora e pr\u00e9-candidata a governadora da Bahia, L\u00eddice da Mata, a ex-ministra do Superior Tribunal de Justi\u00e7a\/STJ, Eliana Calmon, arrancou sucessivos aplausos de uma plateia numerosa no audit\u00f3rio da Fainor ao afirmar que sua candidatura vai na [&hellip;]<\/p>\n","protected":false},"author":2,"featured_media":0,"comment_status":"open","ping_status":"open","sticky":false,"template":"","format":"standard","meta":{"footnotes":"","_links_to":"","_links_to_target":""},"categories":[1],"tags":[],"class_list":["post-36916","post","type-post","status-publish","format-standard","hentry","category-geral"],"views":1126,"_links":{"self":[{"href":"https:\/\/www.sudoestehoje.com.br\/novoportal\/wp-json\/wp\/v2\/posts\/36916","targetHints":{"allow":["GET"]}}],"collection":[{"href":"https:\/\/www.sudoestehoje.com.br\/novoportal\/wp-json\/wp\/v2\/posts"}],"about":[{"href":"https:\/\/www.sudoestehoje.com.br\/novoportal\/wp-json\/wp\/v2\/types\/post"}],"author":[{"embeddable":true,"href":"https:\/\/www.sudoestehoje.com.br\/novoportal\/wp-json\/wp\/v2\/users\/2"}],"replies":[{"embeddable":true,"href":"https:\/\/www.sudoestehoje.com.br\/novoportal\/wp-json\/wp\/v2\/comments?post=36916"}],"version-history":[{"count":2,"href":"https:\/\/www.sudoestehoje.com.br\/novoportal\/wp-json\/wp\/v2\/posts\/36916\/revisions"}],"predecessor-version":[{"id":36919,"href":"https:\/\/www.sudoestehoje.com.br\/novoportal\/wp-json\/wp\/v2\/posts\/36916\/revisions\/36919"}],"wp:attachment":[{"href":"https:\/\/www.sudoestehoje.com.br\/novoportal\/wp-json\/wp\/v2\/media?parent=36916"}],"wp:term":[{"taxonomy":"category","embeddable":true,"href":"https:\/\/www.sudoestehoje.com.br\/novoportal\/wp-json\/wp\/v2\/categories?post=36916"},{"taxonomy":"post_tag","embeddable":true,"href":"https:\/\/www.sudoestehoje.com.br\/novoportal\/wp-json\/wp\/v2\/tags?post=36916"}],"curies":[{"name":"wp","href":"https:\/\/api.w.org\/{rel}","templated":true}]}}