
{"id":36906,"date":"2014-05-12T22:39:59","date_gmt":"2014-05-13T01:39:59","guid":{"rendered":"http:\/\/www.sudoestehoje.com.br\/novoportal\/?p=36906"},"modified":"2014-05-13T01:51:36","modified_gmt":"2014-05-13T04:51:36","slug":"itororo-festa-do-dia-das-maes-em-rio-do-meio-foi-um-sucesso","status":"publish","type":"post","link":"https:\/\/www.sudoestehoje.com.br\/novoportal\/2014\/05\/12\/itororo-festa-do-dia-das-maes-em-rio-do-meio-foi-um-sucesso\/","title":{"rendered":"ITOROR\u00d3: FESTA DO DIA DAS M\u00c3ES EM RIO DO MEIO FOI UM SUCESSO"},"content":{"rendered":"<p><a href=\"http:\/\/www.sudoestehoje.com.br\/novoportal\/wp-content\/uploads\/2014\/05\/rio-do.jpg\"><img loading=\"lazy\" decoding=\"async\" class=\"aligncenter size-medium wp-image-36907\" alt=\"rio do\" src=\"http:\/\/www.sudoestehoje.com.br\/novoportal\/wp-content\/uploads\/2014\/05\/rio-do-500x333.jpg\" width=\"500\" height=\"333\" srcset=\"https:\/\/www.sudoestehoje.com.br\/novoportal\/wp-content\/uploads\/2014\/05\/rio-do-500x333.jpg 500w, https:\/\/www.sudoestehoje.com.br\/novoportal\/wp-content\/uploads\/2014\/05\/rio-do-700x466.jpg 700w, https:\/\/www.sudoestehoje.com.br\/novoportal\/wp-content\/uploads\/2014\/05\/rio-do.jpg 1600w\" sizes=\"auto, (max-width: 500px) 100vw, 500px\" \/><\/a><\/p>\n<p>Nos dias 10 e 11, a agita\u00e7\u00e3o tomou conta do distrito de Rio do Meio, que vivenciou mais uma edi\u00e7\u00e3o da Festa das M\u00e3es, um dos maiores e mais tradicionais eventos do interior do estado.\u00a0Promovido pela Prefeitura de Itoror\u00f3, a Festa das M\u00e3es atraiu um grande p\u00fablico nas noites de s\u00e1bado e domingo. O local do evento estava todo decorado ao melhor estilo junino, bastante colorido e convidativo.<\/p>\n<p><a href=\"http:\/\/www.sudoestehoje.com.br\/novoportal\/wp-content\/uploads\/2014\/05\/marco-e-eliene.jpg\"><img loading=\"lazy\" decoding=\"async\" class=\"aligncenter size-medium wp-image-36908\" alt=\"marco e eliene\" src=\"http:\/\/www.sudoestehoje.com.br\/novoportal\/wp-content\/uploads\/2014\/05\/marco-e-eliene-333x500.jpg\" width=\"333\" height=\"500\" srcset=\"https:\/\/www.sudoestehoje.com.br\/novoportal\/wp-content\/uploads\/2014\/05\/marco-e-eliene-333x500.jpg 333w, https:\/\/www.sudoestehoje.com.br\/novoportal\/wp-content\/uploads\/2014\/05\/marco-e-eliene-466x700.jpg 466w, https:\/\/www.sudoestehoje.com.br\/novoportal\/wp-content\/uploads\/2014\/05\/marco-e-eliene.jpg 1066w\" sizes=\"auto, (max-width: 333px) 100vw, 333px\" \/><\/a><\/p>\n<div>A primeira noite foi aberta pela Banda Trio da Huanna,\u00a0seguindo da cantora Ver\u00f4nica Costa.\u00a0J\u00e1 a segunda noite foi com as apresenta\u00e7\u00f5es da Banda Vera Cruz e do cantor Sinho Ferrary, que fez a multid\u00e3o cantar e dan\u00e7ar ao som de seus maiores sucessos.<\/div>\n<div><a href=\"http:\/\/www.sudoestehoje.com.br\/novoportal\/wp-content\/uploads\/2014\/05\/banda.jpg\"><img loading=\"lazy\" decoding=\"async\" class=\"aligncenter size-medium wp-image-36909\" alt=\"banda\" src=\"http:\/\/www.sudoestehoje.com.br\/novoportal\/wp-content\/uploads\/2014\/05\/banda-500x333.jpg\" width=\"500\" height=\"333\" srcset=\"https:\/\/www.sudoestehoje.com.br\/novoportal\/wp-content\/uploads\/2014\/05\/banda-500x333.jpg 500w, https:\/\/www.sudoestehoje.com.br\/novoportal\/wp-content\/uploads\/2014\/05\/banda-700x466.jpg 700w, https:\/\/www.sudoestehoje.com.br\/novoportal\/wp-content\/uploads\/2014\/05\/banda.jpg 1600w\" sizes=\"auto, (max-width: 500px) 100vw, 500px\" \/><\/a><\/div>\n<div><span style=\"line-height: 1.5em;\">\u201cAs atra\u00e7\u00f5es chamaram a aten\u00e7\u00e3o, fazendo a festa das M\u00e3es mais uma vez um grande sucesso, o que foi muito bom para nossa gente que se divertiu e se alegrou muito\u201d, disse o prefeito Marco Brito.<\/span><\/div>\n<div><a href=\"http:\/\/www.sudoestehoje.com.br\/novoportal\/wp-content\/uploads\/2014\/05\/trio.jpg\"><img loading=\"lazy\" decoding=\"async\" class=\"aligncenter size-medium wp-image-36910\" alt=\"trio\" src=\"http:\/\/www.sudoestehoje.com.br\/novoportal\/wp-content\/uploads\/2014\/05\/trio-500x333.jpg\" width=\"500\" height=\"333\" srcset=\"https:\/\/www.sudoestehoje.com.br\/novoportal\/wp-content\/uploads\/2014\/05\/trio-500x333.jpg 500w, https:\/\/www.sudoestehoje.com.br\/novoportal\/wp-content\/uploads\/2014\/05\/trio-700x466.jpg 700w, https:\/\/www.sudoestehoje.com.br\/novoportal\/wp-content\/uploads\/2014\/05\/trio.jpg 1600w\" sizes=\"auto, (max-width: 500px) 100vw, 500px\" \/><\/a><\/div>\n<div><\/div>\n<div><strong><em>Itoror\u00f3 News<\/em><\/strong><\/div>\n<div><\/div>\n<div><img decoding=\"async\" class=\"aligncenter\" alt=\"\u00d3TICA-ITAPUAN-BANNER\" src=\"http:\/\/www.sudoestehoje.com.br\/novoportal\/wp-content\/uploads\/2014\/05\/%C3%93TICA-ITAPUAN-BANNER1.jpg\" \/><\/div>\n","protected":false},"excerpt":{"rendered":"<p>Nos dias 10 e 11, a agita\u00e7\u00e3o tomou conta do distrito de Rio do Meio, que vivenciou mais uma edi\u00e7\u00e3o da Festa das M\u00e3es, um dos maiores e mais tradicionais eventos do interior do estado.\u00a0Promovido pela Prefeitura de Itoror\u00f3, a Festa das M\u00e3es atraiu um grande p\u00fablico nas noites de s\u00e1bado e domingo. O local [&hellip;]<\/p>\n","protected":false},"author":2,"featured_media":0,"comment_status":"open","ping_status":"open","sticky":false,"template":"","format":"standard","meta":{"footnotes":"","_links_to":"","_links_to_target":""},"categories":[1],"tags":[],"class_list":["post-36906","post","type-post","status-publish","format-standard","hentry","category-geral"],"views":3639,"_links":{"self":[{"href":"https:\/\/www.sudoestehoje.com.br\/novoportal\/wp-json\/wp\/v2\/posts\/36906","targetHints":{"allow":["GET"]}}],"collection":[{"href":"https:\/\/www.sudoestehoje.com.br\/novoportal\/wp-json\/wp\/v2\/posts"}],"about":[{"href":"https:\/\/www.sudoestehoje.com.br\/novoportal\/wp-json\/wp\/v2\/types\/post"}],"author":[{"embeddable":true,"href":"https:\/\/www.sudoestehoje.com.br\/novoportal\/wp-json\/wp\/v2\/users\/2"}],"replies":[{"embeddable":true,"href":"https:\/\/www.sudoestehoje.com.br\/novoportal\/wp-json\/wp\/v2\/comments?post=36906"}],"version-history":[{"count":6,"href":"https:\/\/www.sudoestehoje.com.br\/novoportal\/wp-json\/wp\/v2\/posts\/36906\/revisions"}],"predecessor-version":[{"id":36920,"href":"https:\/\/www.sudoestehoje.com.br\/novoportal\/wp-json\/wp\/v2\/posts\/36906\/revisions\/36920"}],"wp:attachment":[{"href":"https:\/\/www.sudoestehoje.com.br\/novoportal\/wp-json\/wp\/v2\/media?parent=36906"}],"wp:term":[{"taxonomy":"category","embeddable":true,"href":"https:\/\/www.sudoestehoje.com.br\/novoportal\/wp-json\/wp\/v2\/categories?post=36906"},{"taxonomy":"post_tag","embeddable":true,"href":"https:\/\/www.sudoestehoje.com.br\/novoportal\/wp-json\/wp\/v2\/tags?post=36906"}],"curies":[{"name":"wp","href":"https:\/\/api.w.org\/{rel}","templated":true}]}}