
{"id":36902,"date":"2014-05-12T12:32:23","date_gmt":"2014-05-12T15:32:23","guid":{"rendered":"http:\/\/www.sudoestehoje.com.br\/novoportal\/?p=36902"},"modified":"2014-05-13T01:52:42","modified_gmt":"2014-05-13T04:52:42","slug":"eduardo-campos-lidice-e-eliana-calmon-em-vitoria-da-conquista","status":"publish","type":"post","link":"https:\/\/www.sudoestehoje.com.br\/novoportal\/2014\/05\/12\/eduardo-campos-lidice-e-eliana-calmon-em-vitoria-da-conquista\/","title":{"rendered":"EDUARDO CAMPOS, L\u00cdDICE E ELIANA CALMON EM VIT\u00d3RIA DA CONQUISTA"},"content":{"rendered":"<p style=\"text-align: center;\"><a href=\"http:\/\/www.sudoestehoje.com.br\/novoportal\/wp-content\/uploads\/2014\/05\/psb.jpg\"><img decoding=\"async\" class=\"aligncenter  wp-image-36903\" alt=\"psb\" src=\"http:\/\/www.sudoestehoje.com.br\/novoportal\/wp-content\/uploads\/2014\/05\/psb.jpg\" width=\"500\" srcset=\"https:\/\/www.sudoestehoje.com.br\/novoportal\/wp-content\/uploads\/2014\/05\/psb.jpg 487w, https:\/\/www.sudoestehoje.com.br\/novoportal\/wp-content\/uploads\/2014\/05\/psb-150x150.jpg 150w\" sizes=\"(max-width: 487px) 100vw, 487px\" \/><\/a><\/p>\n<p>Nesta segunda-feira, o pr\u00e9-candidato do PSB a presidente da rep\u00fablica, Eduardo Campos, acompanhado das tamb\u00e9m pr\u00e9-candadas ao governo e senado, L\u00eddice da Mata e Eliana Calmon, cumprem uma intensa agenda pol\u00edtica em Vit\u00f3ria da Conquista.<\/p>\n<p>Na parte da manh\u00e3, os socialistas tiveram um encontro no audit\u00f3rio da Fainor que ficou totalmente lotado, com a presen\u00e7a maci\u00e7a da juventude de Vit\u00f3ria da Conquista e cidades da regi\u00e3o al\u00e9m da participa\u00e7\u00e3o dos vereadores do PSB, Gilzete Moreira e Adinilson Pereira, do vice-prefeito de da cidade, Jo\u00e1s Meira (PSB), e lideran\u00e7as pol\u00edticas da regi\u00e3o Sudoeste.<\/p>\n<p><strong><em>Da Reda\u00e7\u00e3o<\/em><\/strong><\/p>\n<p><img decoding=\"async\" class=\"aligncenter\" alt=\"\" src=\"http:\/\/www.sudoestehoje.com.br\/novoportal\/wp-content\/uploads\/2014\/05\/SERVLAR-BANNER.jpg\" \/><\/p>\n","protected":false},"excerpt":{"rendered":"<p>Nesta segunda-feira, o pr\u00e9-candidato do PSB a presidente da rep\u00fablica, Eduardo Campos, acompanhado das tamb\u00e9m pr\u00e9-candadas ao governo e senado, L\u00eddice da Mata e Eliana Calmon, cumprem uma intensa agenda pol\u00edtica em Vit\u00f3ria da Conquista. Na parte da manh\u00e3, os socialistas tiveram um encontro no audit\u00f3rio da Fainor que ficou totalmente lotado, com a presen\u00e7a [&hellip;]<\/p>\n","protected":false},"author":2,"featured_media":0,"comment_status":"open","ping_status":"open","sticky":false,"template":"","format":"standard","meta":{"footnotes":"","_links_to":"","_links_to_target":""},"categories":[1],"tags":[],"class_list":["post-36902","post","type-post","status-publish","format-standard","hentry","category-geral"],"views":1092,"_links":{"self":[{"href":"https:\/\/www.sudoestehoje.com.br\/novoportal\/wp-json\/wp\/v2\/posts\/36902","targetHints":{"allow":["GET"]}}],"collection":[{"href":"https:\/\/www.sudoestehoje.com.br\/novoportal\/wp-json\/wp\/v2\/posts"}],"about":[{"href":"https:\/\/www.sudoestehoje.com.br\/novoportal\/wp-json\/wp\/v2\/types\/post"}],"author":[{"embeddable":true,"href":"https:\/\/www.sudoestehoje.com.br\/novoportal\/wp-json\/wp\/v2\/users\/2"}],"replies":[{"embeddable":true,"href":"https:\/\/www.sudoestehoje.com.br\/novoportal\/wp-json\/wp\/v2\/comments?post=36902"}],"version-history":[{"count":3,"href":"https:\/\/www.sudoestehoje.com.br\/novoportal\/wp-json\/wp\/v2\/posts\/36902\/revisions"}],"predecessor-version":[{"id":36921,"href":"https:\/\/www.sudoestehoje.com.br\/novoportal\/wp-json\/wp\/v2\/posts\/36902\/revisions\/36921"}],"wp:attachment":[{"href":"https:\/\/www.sudoestehoje.com.br\/novoportal\/wp-json\/wp\/v2\/media?parent=36902"}],"wp:term":[{"taxonomy":"category","embeddable":true,"href":"https:\/\/www.sudoestehoje.com.br\/novoportal\/wp-json\/wp\/v2\/categories?post=36902"},{"taxonomy":"post_tag","embeddable":true,"href":"https:\/\/www.sudoestehoje.com.br\/novoportal\/wp-json\/wp\/v2\/tags?post=36902"}],"curies":[{"name":"wp","href":"https:\/\/api.w.org\/{rel}","templated":true}]}}