
{"id":36894,"date":"2014-05-12T10:42:08","date_gmt":"2014-05-12T13:42:08","guid":{"rendered":"http:\/\/www.sudoestehoje.com.br\/novoportal\/?p=36894"},"modified":"2014-05-12T10:42:26","modified_gmt":"2014-05-12T13:42:26","slug":"mulher-do-governador-wagner-e-aposentada-voluntariamente-pelo-tj","status":"publish","type":"post","link":"https:\/\/www.sudoestehoje.com.br\/novoportal\/2014\/05\/12\/mulher-do-governador-wagner-e-aposentada-voluntariamente-pelo-tj\/","title":{"rendered":"MULHER DO GOVERNADOR WAGNER \u00c9 APOSENTADA &#8220;VOLUNTARIAMENTE&#8221; PELO TJ"},"content":{"rendered":"<p style=\"text-align: center;\"><a href=\"http:\/\/www.sudoestehoje.com.br\/novoportal\/wp-content\/uploads\/2014\/05\/Fatima-Mendonca-em-Brumado-Noticias-30.jpg\"><img loading=\"lazy\" decoding=\"async\" class=\"aligncenter size-full wp-image-36896\" alt=\"Fatima-Mendonca-em-Brumado-Noticias-30\" src=\"http:\/\/www.sudoestehoje.com.br\/novoportal\/wp-content\/uploads\/2014\/05\/Fatima-Mendonca-em-Brumado-Noticias-30.jpg\" width=\"475\" height=\"356\" \/><\/a><\/p>\n<p><strong><em>Bahia Not\u00edcias<\/em><\/strong><\/p>\n<p>O presidente do Tribunal de Justi\u00e7a da Bahia, desembargador Eserval Rocha, concedeu \u201caposentadoria volunt\u00e1ria\u201d \u00e0 primeira-dama do Estado, F\u00e1tima Mendon\u00e7a, segundo publica\u00e7\u00e3o no Di\u00e1rio da Justi\u00e7a. Ela foi aposentada do cargo de t\u00e9cnica de n\u00edvel superior da Comarca de Salvador.<\/p>\n<p>O comandante da Corte tamb\u00e9m exonerou, \u201ca pedido\u201d, a primeira-dama do cargo comissionado de Assessor de Supervis\u00e3o Geral, pelo qual recebia\u00a0<a href=\"http:\/\/www.bahianoticias.com.br\/noticia\/119898-primeira-dama-do-estado-ganha-r-14-6-mil-no-tj-ba-assessoria-justifica-que-ela-se-licenciou-para-pre.html\" target=\"_blank\">um sal\u00e1rio<\/a>\u00a0de R$14.632,88, de acordo com uma lista nominal com a remunera\u00e7\u00e3o de servidores e magistrados que comp\u00f5em o quadro do TJ-BA.<\/p>\n<p>H\u00e1 dois anos, F\u00e1tima se tornou\u00a0<a href=\"http:\/\/www.bahianoticias.com.br\/noticia\/121680-primeira-dama-e-alvo-do-cnj.html\" target=\"_blank\">alvo de inspe\u00e7\u00e3o do Conselho Nacional de Justi\u00e7a (CNJ)<\/a>. De acordo com o Estad\u00e3o, o \u00f3rg\u00e3o mencionou \u201ceventual acumula\u00e7\u00e3o irregular de cargos p\u00fablicos\u201d, ao afirmar que a mulher do governador Jaques Wagner ocupava um cargo no Executivo, como analista, e outro no Judici\u00e1rio, como assessora de supervis\u00e3o geral.<\/p>\n<p>\u00c0 \u00e9poca, a ent\u00e3o corregedora nacional de Justi\u00e7a, Eliana Calmon, em entrevista ao Bahia Not\u00edcias, declarou que a primeira-dama era funcion\u00e1ria fantasma do TJ. <em>\u201c\u00c9. \u00c9 s\u00f3 verificar em um site. Eles colocaram todos os documentos e a funcion\u00e1ria que denunciou foi punida por isso\u201d, <\/em>afirmou a ent\u00e3o ministra Eliana Calmon<em>.<\/em><\/p>\n","protected":false},"excerpt":{"rendered":"<p>Bahia Not\u00edcias O presidente do Tribunal de Justi\u00e7a da Bahia, desembargador Eserval Rocha, concedeu \u201caposentadoria volunt\u00e1ria\u201d \u00e0 primeira-dama do Estado, F\u00e1tima Mendon\u00e7a, segundo publica\u00e7\u00e3o no Di\u00e1rio da Justi\u00e7a. Ela foi aposentada do cargo de t\u00e9cnica de n\u00edvel superior da Comarca de Salvador. O comandante da Corte tamb\u00e9m exonerou, \u201ca pedido\u201d, a primeira-dama do cargo comissionado [&hellip;]<\/p>\n","protected":false},"author":2,"featured_media":0,"comment_status":"open","ping_status":"open","sticky":false,"template":"","format":"standard","meta":{"footnotes":"","_links_to":"","_links_to_target":""},"categories":[1],"tags":[],"class_list":["post-36894","post","type-post","status-publish","format-standard","hentry","category-geral"],"views":4127,"_links":{"self":[{"href":"https:\/\/www.sudoestehoje.com.br\/novoportal\/wp-json\/wp\/v2\/posts\/36894","targetHints":{"allow":["GET"]}}],"collection":[{"href":"https:\/\/www.sudoestehoje.com.br\/novoportal\/wp-json\/wp\/v2\/posts"}],"about":[{"href":"https:\/\/www.sudoestehoje.com.br\/novoportal\/wp-json\/wp\/v2\/types\/post"}],"author":[{"embeddable":true,"href":"https:\/\/www.sudoestehoje.com.br\/novoportal\/wp-json\/wp\/v2\/users\/2"}],"replies":[{"embeddable":true,"href":"https:\/\/www.sudoestehoje.com.br\/novoportal\/wp-json\/wp\/v2\/comments?post=36894"}],"version-history":[{"count":3,"href":"https:\/\/www.sudoestehoje.com.br\/novoportal\/wp-json\/wp\/v2\/posts\/36894\/revisions"}],"predecessor-version":[{"id":36899,"href":"https:\/\/www.sudoestehoje.com.br\/novoportal\/wp-json\/wp\/v2\/posts\/36894\/revisions\/36899"}],"wp:attachment":[{"href":"https:\/\/www.sudoestehoje.com.br\/novoportal\/wp-json\/wp\/v2\/media?parent=36894"}],"wp:term":[{"taxonomy":"category","embeddable":true,"href":"https:\/\/www.sudoestehoje.com.br\/novoportal\/wp-json\/wp\/v2\/categories?post=36894"},{"taxonomy":"post_tag","embeddable":true,"href":"https:\/\/www.sudoestehoje.com.br\/novoportal\/wp-json\/wp\/v2\/tags?post=36894"}],"curies":[{"name":"wp","href":"https:\/\/api.w.org\/{rel}","templated":true}]}}