
{"id":36885,"date":"2014-05-12T10:07:14","date_gmt":"2014-05-12T13:07:14","guid":{"rendered":"http:\/\/www.sudoestehoje.com.br\/novoportal\/?p=36885"},"modified":"2014-05-12T10:12:31","modified_gmt":"2014-05-12T13:12:31","slug":"alunos-da-fazenda-de-secretario-municipal-nao-vao-a-escola-por-falta-de-transporte-escolar","status":"publish","type":"post","link":"https:\/\/www.sudoestehoje.com.br\/novoportal\/2014\/05\/12\/alunos-da-fazenda-de-secretario-municipal-nao-vao-a-escola-por-falta-de-transporte-escolar\/","title":{"rendered":"ALUNOS DA FAZENDA DE SECRET\u00c1RIO MUNICIPAL N\u00c3O V\u00c3O \u00c0 ESCOLA POR FALTA DE TRANSPORTE ESCOLAR"},"content":{"rendered":"<div id=\"attachment_36889\" style=\"width: 460px\" class=\"wp-caption aligncenter\"><a href=\"http:\/\/www.sudoestehoje.com.br\/novoportal\/wp-content\/uploads\/2014\/05\/SEM-TRANSPORTE-ESCOLAR.jpg\"><img decoding=\"async\" aria-describedby=\"caption-attachment-36889\" class=\" wp-image-36889 \" alt=\"Crian\u00e7as \" src=\"http:\/\/www.sudoestehoje.com.br\/novoportal\/wp-content\/uploads\/2014\/05\/SEM-TRANSPORTE-ESCOLAR.jpg\" width=\"450\" \/><\/a><p id=\"caption-attachment-36889\" class=\"wp-caption-text\">Crian\u00e7as t\u00eam que andar \u00e0 p\u00e9 por at\u00e9 5 km, para frequentar as aulas, em fazendas pr\u00f3ximas \u00e0 cidade, onde as escolas rurais n\u00e3o mais funcionam, segundo den\u00fancias que circulam nas r\u00e1dios e blogs. Foto meramente ilustrativa.<\/p><\/div>\n<p>ITAPETINGA: Nesta segunda-feira, o Blog do Diga Diga postou den\u00fancia de uma leitora, que retrata com fidelidade o descaso da atual administra\u00e7\u00e3o municipal, para com a educa\u00e7\u00e3o no munic\u00edpio, que vem decaindo assustadoramente, desde que a inexperiente e descomprometida Sibele Neri assumiu a Secretaria Municipal de Educa\u00e7\u00e3o. Confira a den\u00fancia:<\/p>\n<p>\u201c<em>De tanto ver os alunos sofrendo sem ir para a escola resolvi escrever para o senhor para dizer que na Fazenda Iracema onde o dono \u00e9 o Secret\u00e1rio Municipal Ricardo Dutra duas alunas perderam a semana toda de aula porque o carro da prefeitura n\u00e3o foi buscar. Tamb\u00e9m na Fazenda Judith Garcia perto da fazenda do Secret\u00e1rio Ricardo um aluno perdeu a semana de aula tamb\u00e9m. Na fazenda Serra D\u2019gua, outro aluno perdeu a semana toda. A escola Ant\u00f4nio Clarindo com 03 salas ficou uma semana sem aula, fora outros dias, n\u00e3o teve este ano nem 35 dias de aula, pode? A Escola da Balsa tamb\u00e9m ficou sem aula, a escola do posto fiscal, agora o pior \u00e9 que tem 03 alunos perto da fazenda de \u2018Magno da Nutrimac\u2019 que caminha 6 km a p\u00e9, debaixo de sol e chuva para pegar o \u00f4nibus e o respons\u00e1vel L\u00e9o, disse que n\u00e3o vai ter carro, eles v\u00e3o continuar andando.\u00a0<\/em><em>Pe\u00e7o ao senhor que coloque isso na internet para que a secretaria fa\u00e7a alguma coisa porque desse jeito nossos filhos n\u00e3o v\u00e3o aprender nada<\/em>\u201c.<\/p>\n<p>Vejam que a den\u00fancia envolve alunos que residem na fazenda do pr\u00f3prio Secret\u00e1rio de Fazenda, Ricardo Dutra, que deveria adotar as provid\u00eancias cab\u00edveis para resolver o problema, mas n\u00e3o o faz. Se quem tem o dinheiro e o poder nas m\u00e3o m\u00e3os n\u00e3o resolve, quem resolver\u00e1?<\/p>\n<p><strong><em>Por Davi Ferraz<\/em><\/strong><\/p>\n","protected":false},"excerpt":{"rendered":"<p>ITAPETINGA: Nesta segunda-feira, o Blog do Diga Diga postou den\u00fancia de uma leitora, que retrata com fidelidade o descaso da atual administra\u00e7\u00e3o municipal, para com a educa\u00e7\u00e3o no munic\u00edpio, que vem decaindo assustadoramente, desde que a inexperiente e descomprometida Sibele Neri assumiu a Secretaria Municipal de Educa\u00e7\u00e3o. Confira a den\u00fancia: \u201cDe tanto ver os alunos [&hellip;]<\/p>\n","protected":false},"author":2,"featured_media":0,"comment_status":"open","ping_status":"open","sticky":false,"template":"","format":"standard","meta":{"footnotes":"","_links_to":"","_links_to_target":""},"categories":[1],"tags":[],"class_list":["post-36885","post","type-post","status-publish","format-standard","hentry","category-geral"],"views":5049,"_links":{"self":[{"href":"https:\/\/www.sudoestehoje.com.br\/novoportal\/wp-json\/wp\/v2\/posts\/36885","targetHints":{"allow":["GET"]}}],"collection":[{"href":"https:\/\/www.sudoestehoje.com.br\/novoportal\/wp-json\/wp\/v2\/posts"}],"about":[{"href":"https:\/\/www.sudoestehoje.com.br\/novoportal\/wp-json\/wp\/v2\/types\/post"}],"author":[{"embeddable":true,"href":"https:\/\/www.sudoestehoje.com.br\/novoportal\/wp-json\/wp\/v2\/users\/2"}],"replies":[{"embeddable":true,"href":"https:\/\/www.sudoestehoje.com.br\/novoportal\/wp-json\/wp\/v2\/comments?post=36885"}],"version-history":[{"count":7,"href":"https:\/\/www.sudoestehoje.com.br\/novoportal\/wp-json\/wp\/v2\/posts\/36885\/revisions"}],"predecessor-version":[{"id":36893,"href":"https:\/\/www.sudoestehoje.com.br\/novoportal\/wp-json\/wp\/v2\/posts\/36885\/revisions\/36893"}],"wp:attachment":[{"href":"https:\/\/www.sudoestehoje.com.br\/novoportal\/wp-json\/wp\/v2\/media?parent=36885"}],"wp:term":[{"taxonomy":"category","embeddable":true,"href":"https:\/\/www.sudoestehoje.com.br\/novoportal\/wp-json\/wp\/v2\/categories?post=36885"},{"taxonomy":"post_tag","embeddable":true,"href":"https:\/\/www.sudoestehoje.com.br\/novoportal\/wp-json\/wp\/v2\/tags?post=36885"}],"curies":[{"name":"wp","href":"https:\/\/api.w.org\/{rel}","templated":true}]}}