
{"id":36862,"date":"2014-05-11T09:54:06","date_gmt":"2014-05-11T12:54:06","guid":{"rendered":"http:\/\/www.sudoestehoje.com.br\/novoportal\/?p=36862"},"modified":"2014-05-11T09:54:06","modified_gmt":"2014-05-11T12:54:06","slug":"itabuna-paulo-souto-e-geddel-ganham-apoio-de-partidos-e-sao-aclamados","status":"publish","type":"post","link":"https:\/\/www.sudoestehoje.com.br\/novoportal\/2014\/05\/11\/itabuna-paulo-souto-e-geddel-ganham-apoio-de-partidos-e-sao-aclamados\/","title":{"rendered":"ITABUNA: PAULO SOUTO E GEDDEL GANHAM APOIO DE PARTIDOS E S\u00c3O ACLAMADOS"},"content":{"rendered":"<p><a href=\"http:\/\/www.sudoestehoje.com.br\/novoportal\/wp-content\/uploads\/2014\/05\/10_05_14_Paulo-Souto_Itabuna_foto-Valter-Pontes19.jpg\"><img loading=\"lazy\" decoding=\"async\" class=\"aligncenter size-medium wp-image-36864\" alt=\"10_05_14_Paulo Souto_Itabuna_foto Valter Pontes19\" src=\"http:\/\/www.sudoestehoje.com.br\/novoportal\/wp-content\/uploads\/2014\/05\/10_05_14_Paulo-Souto_Itabuna_foto-Valter-Pontes19.jpg\" width=\"1\" height=\"1\" \/><\/a><a href=\"http:\/\/www.sudoestehoje.com.br\/novoportal\/wp-content\/uploads\/2014\/05\/10_05_14_Paulo-Souto_Itabuna_foto-Valter-Pontes19.jpg\"><img loading=\"lazy\" decoding=\"async\" class=\"aligncenter size-medium wp-image-36864\" alt=\"10_05_14_Paulo Souto_Itabuna_foto Valter Pontes19\" src=\"http:\/\/www.sudoestehoje.com.br\/novoportal\/wp-content\/uploads\/2014\/05\/10_05_14_Paulo-Souto_Itabuna_foto-Valter-Pontes19.jpg\" width=\"1\" height=\"1\" \/><\/a><a href=\"http:\/\/www.sudoestehoje.com.br\/novoportal\/wp-content\/uploads\/2014\/05\/ITABUNA-1.jpg\"><img loading=\"lazy\" decoding=\"async\" class=\"aligncenter size-medium wp-image-36865\" alt=\"ITABUNA 1\" src=\"http:\/\/www.sudoestehoje.com.br\/novoportal\/wp-content\/uploads\/2014\/05\/ITABUNA-1-500x333.jpg\" width=\"500\" height=\"333\" srcset=\"https:\/\/www.sudoestehoje.com.br\/novoportal\/wp-content\/uploads\/2014\/05\/ITABUNA-1-500x333.jpg 500w, https:\/\/www.sudoestehoje.com.br\/novoportal\/wp-content\/uploads\/2014\/05\/ITABUNA-1-700x466.jpg 700w, https:\/\/www.sudoestehoje.com.br\/novoportal\/wp-content\/uploads\/2014\/05\/ITABUNA-1.jpg 960w\" sizes=\"auto, (max-width: 500px) 100vw, 500px\" \/><\/a><\/p>\n<p id=\"yui_3_16_0_1_1399811524479_2511\">A chapa majorit\u00e1ria da oposi\u00e7\u00e3o que re\u00fane Democratas, PMDB e PSDB ganhou o apoio do PPS e da Frente Partid\u00e1ria Jorge Aleluia. Os pr\u00e9-candidatos Paulo Souto, ao governo, e Geddel Vieira Lima, ao senado, foram oficializados da ades\u00e3o ao projeto oposicionista pelo presidente do PPS, Joceval Rodrigues, durante o evento \u201cUnidos pela Bahia\u201d, em Itabuna, que reuniu mais de duas mil pessoas no gin\u00e1sio de esportes do Col\u00e9gio A\u00e7\u00e3o Fraternal, neste s\u00e1bado.<\/p>\n<p><a href=\"http:\/\/www.sudoestehoje.com.br\/novoportal\/wp-content\/uploads\/2014\/05\/ITABUNA-2.jpg\"><img loading=\"lazy\" decoding=\"async\" class=\"aligncenter size-medium wp-image-36866\" alt=\"ITABUNA 2\" src=\"http:\/\/www.sudoestehoje.com.br\/novoportal\/wp-content\/uploads\/2014\/05\/ITABUNA-2-500x330.jpg\" width=\"500\" height=\"330\" srcset=\"https:\/\/www.sudoestehoje.com.br\/novoportal\/wp-content\/uploads\/2014\/05\/ITABUNA-2-500x330.jpg 500w, https:\/\/www.sudoestehoje.com.br\/novoportal\/wp-content\/uploads\/2014\/05\/ITABUNA-2-700x462.jpg 700w, https:\/\/www.sudoestehoje.com.br\/novoportal\/wp-content\/uploads\/2014\/05\/ITABUNA-2.jpg 960w\" sizes=\"auto, (max-width: 500px) 100vw, 500px\" \/><\/a><\/p>\n<p id=\"yui_3_16_0_1_1399811524479_2515\">Lideran\u00e7as da regi\u00e3o e de Itabuna, como os ex-prefeitos Ubaldo Dantas, Fernando Gomes e Capit\u00e3o Azevedo, os deputados estaduais Coronel Santana e Augusto Viana, al\u00e9m de Maria Alice e Renato Costa, manifestaram entusiasmo e o compromisso de arrega\u00e7ar as mangas pela vit\u00f3ria de Paulo Souto e Geddel.<\/p>\n<p><a href=\"http:\/\/www.sudoestehoje.com.br\/novoportal\/wp-content\/uploads\/2014\/05\/ITABUNA-3.jpg\"><img loading=\"lazy\" decoding=\"async\" class=\"aligncenter size-medium wp-image-36867\" alt=\"ITABUNA 3\" src=\"http:\/\/www.sudoestehoje.com.br\/novoportal\/wp-content\/uploads\/2014\/05\/ITABUNA-3-500x318.jpg\" width=\"500\" height=\"318\" srcset=\"https:\/\/www.sudoestehoje.com.br\/novoportal\/wp-content\/uploads\/2014\/05\/ITABUNA-3-500x318.jpg 500w, https:\/\/www.sudoestehoje.com.br\/novoportal\/wp-content\/uploads\/2014\/05\/ITABUNA-3-700x446.jpg 700w, https:\/\/www.sudoestehoje.com.br\/novoportal\/wp-content\/uploads\/2014\/05\/ITABUNA-3.jpg 960w\" sizes=\"auto, (max-width: 500px) 100vw, 500px\" \/><\/a><\/p>\n<p id=\"yui_3_16_0_1_1399811524479_2516\">Depois de saudar as m\u00e3es que neste domingo t\u00eam seu dia, Paulo Souto disse que a confian\u00e7a da multid\u00e3o de itabunenses presentes ao evento aumentava a responsabilidade da chapa oposicionista de atender o anseio da Bahia por mudan\u00e7a. \u201cNingu\u00e9m suporta mais este governo que deu as costas aos baianos. Entendemos o aviso das manifesta\u00e7\u00f5es de 2013 e vamos trabalhar para oferecer servi\u00e7os p\u00fablicos dignos e de boa qualidade\u201d.<\/p>\n<p><a href=\"http:\/\/www.sudoestehoje.com.br\/novoportal\/wp-content\/uploads\/2014\/05\/ITABUNA-4.jpg\"><img loading=\"lazy\" decoding=\"async\" class=\"aligncenter size-medium wp-image-36868\" alt=\"ITABUNA 4\" src=\"http:\/\/www.sudoestehoje.com.br\/novoportal\/wp-content\/uploads\/2014\/05\/ITABUNA-4-500x331.jpg\" width=\"500\" height=\"331\" srcset=\"https:\/\/www.sudoestehoje.com.br\/novoportal\/wp-content\/uploads\/2014\/05\/ITABUNA-4-500x331.jpg 500w, https:\/\/www.sudoestehoje.com.br\/novoportal\/wp-content\/uploads\/2014\/05\/ITABUNA-4-700x463.jpg 700w, https:\/\/www.sudoestehoje.com.br\/novoportal\/wp-content\/uploads\/2014\/05\/ITABUNA-4.jpg 960w\" sizes=\"auto, (max-width: 500px) 100vw, 500px\" \/><\/a><\/p>\n<p><!--more--><\/p>\n<p>&nbsp;<\/p>\n<p>Geddel lembrou as promessas n\u00e3o cumpridas pelo governo petista em Itabuna, como a constru\u00e7\u00e3o da barragem do Rio Col\u00f4nia e a duplica\u00e7\u00e3o da pista Ilh\u00e9us\/Itabuna. \u201cEm toda a Bahia, tem sido assim: promessas n\u00e3o cumpridas que aparecem na televis\u00e3o como realizadas. \u00c9 o governo mentiroso da tev\u00ea diante da realidade que a gente v\u00ea. O governo de ACM Neto em Salvador \u00e9 uma prova de que fazemos diferente. Vamos devolver aos baianos a f\u00e9 e a esperan\u00e7a no futuro\u201d.<\/p>\n<p id=\"yui_3_16_0_1_1399811524479_2526\">Afirmando que a Bahia n\u00e3o aguenta mais tanta engana\u00e7\u00e3o, o presidente estadual do Democratas, Jos\u00e9 Carlos Aleluia, destacou que a elei\u00e7\u00e3o do prefeito ACM Neto em Salvador provou isso. \u201cEm nossa capital, h\u00e1 hoje um governo decente que trabalha e faz. A esperan\u00e7a est\u00e1 de volta. Queremos que a Bahia siga este caminho\u201d.<\/p>\n<p id=\"yui_3_16_0_1_1399811524479_2519\">O prefeito ACM Neto revelou que, ao decidir se candidatar em 2012, acreditou ser poss\u00edvel derrotar o PT com o apoio do povo. \u201cEntendi naquele momento que a mudan\u00e7a da Bahia come\u00e7aria por Salvador e assim o foi. Tive coragem e n\u00e3o me intimidei. Agora estou com Paulo Souto, Geddel e A\u00e9cio Neves para que a mudan\u00e7a se concretize na Bahia e tamb\u00e9m no Brasil\u201d.<\/p>\n<p id=\"yui_3_16_0_1_1399811524479_2523\"><b>\u00a0<\/b><\/p>\n","protected":false},"excerpt":{"rendered":"<p>A chapa majorit\u00e1ria da oposi\u00e7\u00e3o que re\u00fane Democratas, PMDB e PSDB ganhou o apoio do PPS e da Frente Partid\u00e1ria Jorge Aleluia. Os pr\u00e9-candidatos Paulo Souto, ao governo, e Geddel Vieira Lima, ao senado, foram oficializados da ades\u00e3o ao projeto oposicionista pelo presidente do PPS, Joceval Rodrigues, durante o evento \u201cUnidos pela Bahia\u201d, em Itabuna, [&hellip;]<\/p>\n","protected":false},"author":2,"featured_media":0,"comment_status":"open","ping_status":"open","sticky":false,"template":"","format":"standard","meta":{"footnotes":"","_links_to":"","_links_to_target":""},"categories":[1],"tags":[],"class_list":["post-36862","post","type-post","status-publish","format-standard","hentry","category-geral"],"views":1740,"_links":{"self":[{"href":"https:\/\/www.sudoestehoje.com.br\/novoportal\/wp-json\/wp\/v2\/posts\/36862","targetHints":{"allow":["GET"]}}],"collection":[{"href":"https:\/\/www.sudoestehoje.com.br\/novoportal\/wp-json\/wp\/v2\/posts"}],"about":[{"href":"https:\/\/www.sudoestehoje.com.br\/novoportal\/wp-json\/wp\/v2\/types\/post"}],"author":[{"embeddable":true,"href":"https:\/\/www.sudoestehoje.com.br\/novoportal\/wp-json\/wp\/v2\/users\/2"}],"replies":[{"embeddable":true,"href":"https:\/\/www.sudoestehoje.com.br\/novoportal\/wp-json\/wp\/v2\/comments?post=36862"}],"version-history":[{"count":2,"href":"https:\/\/www.sudoestehoje.com.br\/novoportal\/wp-json\/wp\/v2\/posts\/36862\/revisions"}],"predecessor-version":[{"id":36869,"href":"https:\/\/www.sudoestehoje.com.br\/novoportal\/wp-json\/wp\/v2\/posts\/36862\/revisions\/36869"}],"wp:attachment":[{"href":"https:\/\/www.sudoestehoje.com.br\/novoportal\/wp-json\/wp\/v2\/media?parent=36862"}],"wp:term":[{"taxonomy":"category","embeddable":true,"href":"https:\/\/www.sudoestehoje.com.br\/novoportal\/wp-json\/wp\/v2\/categories?post=36862"},{"taxonomy":"post_tag","embeddable":true,"href":"https:\/\/www.sudoestehoje.com.br\/novoportal\/wp-json\/wp\/v2\/tags?post=36862"}],"curies":[{"name":"wp","href":"https:\/\/api.w.org\/{rel}","templated":true}]}}