
{"id":3686,"date":"2011-03-02T23:05:13","date_gmt":"2011-03-03T02:05:13","guid":{"rendered":"http:\/\/www.sudoestehoje.com.br\/novoportal\/?p=3686"},"modified":"2011-03-02T23:05:13","modified_gmt":"2011-03-03T02:05:13","slug":"itapetinga-concursados-de-2008-mobilizados-para-garantir-posse","status":"publish","type":"post","link":"https:\/\/www.sudoestehoje.com.br\/novoportal\/2011\/03\/02\/itapetinga-concursados-de-2008-mobilizados-para-garantir-posse\/","title":{"rendered":"ITAPETINGA: CONCURSADOS DE 2008 MOBILIZADOS PARA GARANTIR POSSE"},"content":{"rendered":"<p style=\"text-align: center;\"><img decoding=\"async\" class=\"aligncenter\" src=\"http:\/\/1.bp.blogspot.com\/_uq6liMBhfMI\/SfGZM3Oe0uI\/AAAAAAAABlI\/Mk9_6RqwNsw\/s400\/foto_Itapetinga2.jpg\" alt=\"\" \/><\/p>\n<p style=\"text-align: center;\"><em><strong>Prefeito reluta para n\u00e3o cumprir determina\u00e7\u00e3o judicial<\/strong><\/em><\/p>\n<p>\u00a0<\/p>\n<p>ITAPETINGA: Terminou \u00e0s 22 horas desta ter\u00e7a (01) a primeira reuni\u00e3o dos aprovados no concurso p\u00fablico do Munic\u00edpio realizado em 2008. Na \u00faltima sexta (25) o Juiz da Vara C\u00edvel determinou prazo de 10 dias para o Prefeito convocar concursados para as vagas dos professores que est\u00e3o ocupando dire\u00e7\u00e3o dos col\u00e9gios e outras existentes.<\/p>\n<p>EDUCADORES V\u00c3O \u00c0 C\u00c2MARA DE VEREADORES E EMISSORAS DE R\u00c1DIO.\u00a0<\/p>\n<p>Na\u00a0reuni\u00e3o realizada no Clube dos Oper\u00e1rios os professores decidiram mobilizar a sociedade para garantir a posse dos aprovados. Para tanto, um grupo ir\u00e1 dar entrevistas nas emissoras de r\u00e1dio, blogs e Jornal dimens\u00e3o. Um educador dever\u00e1 se inscrever na Tribuna Livre da C\u00e2mara de Vereadores ap\u00f3s o Carnaval.<\/p>\n<p>MANIFESTA\u00c7\u00c3O NA ALAMEDA.<\/p>\n<p>Os concursados pretendem fazer uma manifesta\u00e7\u00e3o p\u00fablica na Alameda Rui Barbosa para chamar aten\u00e7\u00e3o da popula\u00e7\u00e3o. Querem que a decis\u00e3o judicial seja cumprida. Aguarda-se posicionamento da APLB Sindicato de Itapetinga que at\u00e9 o momento n\u00e3o\u00a0tomou\u00a0partido\u00a0com refer\u00eancia ao concurso. A a\u00e7\u00e3o Judicial foi movida por um grupo de professores aprovados no concurso. Itapetinga Net<\/p>\n","protected":false},"excerpt":{"rendered":"<p>Prefeito reluta para n\u00e3o cumprir determina\u00e7\u00e3o judicial \u00a0 ITAPETINGA: Terminou \u00e0s 22 horas desta ter\u00e7a (01) a primeira reuni\u00e3o dos aprovados no concurso p\u00fablico do Munic\u00edpio realizado em 2008. Na \u00faltima sexta (25) o Juiz da Vara C\u00edvel determinou prazo de 10 dias para o Prefeito convocar concursados para as vagas dos professores que est\u00e3o [&hellip;]<\/p>\n","protected":false},"author":2,"featured_media":0,"comment_status":"open","ping_status":"open","sticky":false,"template":"","format":"standard","meta":{"footnotes":"","_links_to":"","_links_to_target":""},"categories":[1],"tags":[],"class_list":["post-3686","post","type-post","status-publish","format-standard","hentry","category-geral"],"views":1664,"_links":{"self":[{"href":"https:\/\/www.sudoestehoje.com.br\/novoportal\/wp-json\/wp\/v2\/posts\/3686","targetHints":{"allow":["GET"]}}],"collection":[{"href":"https:\/\/www.sudoestehoje.com.br\/novoportal\/wp-json\/wp\/v2\/posts"}],"about":[{"href":"https:\/\/www.sudoestehoje.com.br\/novoportal\/wp-json\/wp\/v2\/types\/post"}],"author":[{"embeddable":true,"href":"https:\/\/www.sudoestehoje.com.br\/novoportal\/wp-json\/wp\/v2\/users\/2"}],"replies":[{"embeddable":true,"href":"https:\/\/www.sudoestehoje.com.br\/novoportal\/wp-json\/wp\/v2\/comments?post=3686"}],"version-history":[{"count":3,"href":"https:\/\/www.sudoestehoje.com.br\/novoportal\/wp-json\/wp\/v2\/posts\/3686\/revisions"}],"predecessor-version":[{"id":3689,"href":"https:\/\/www.sudoestehoje.com.br\/novoportal\/wp-json\/wp\/v2\/posts\/3686\/revisions\/3689"}],"wp:attachment":[{"href":"https:\/\/www.sudoestehoje.com.br\/novoportal\/wp-json\/wp\/v2\/media?parent=3686"}],"wp:term":[{"taxonomy":"category","embeddable":true,"href":"https:\/\/www.sudoestehoje.com.br\/novoportal\/wp-json\/wp\/v2\/categories?post=3686"},{"taxonomy":"post_tag","embeddable":true,"href":"https:\/\/www.sudoestehoje.com.br\/novoportal\/wp-json\/wp\/v2\/tags?post=3686"}],"curies":[{"name":"wp","href":"https:\/\/api.w.org\/{rel}","templated":true}]}}