
{"id":36855,"date":"2014-05-10T23:16:59","date_gmt":"2014-05-11T02:16:59","guid":{"rendered":"http:\/\/www.sudoestehoje.com.br\/novoportal\/?p=36855"},"modified":"2014-05-10T23:19:27","modified_gmt":"2014-05-11T02:19:27","slug":"petista-de-conquista-sonham-com-a-volta-de-ze-raimundo","status":"publish","type":"post","link":"https:\/\/www.sudoestehoje.com.br\/novoportal\/2014\/05\/10\/petista-de-conquista-sonham-com-a-volta-de-ze-raimundo\/","title":{"rendered":"PETISTAS DE CONQUISTA SONHAM COM A VOLTA DE Z\u00c9 RAIMUNDO"},"content":{"rendered":"<p><a href=\"http:\/\/www.sudoestehoje.com.br\/novoportal\/wp-content\/uploads\/2014\/05\/ze-raimundo.jpg\"><img loading=\"lazy\" decoding=\"async\" class=\"aligncenter size-medium wp-image-36856\" alt=\"ze-raimundo\" src=\"http:\/\/www.sudoestehoje.com.br\/novoportal\/wp-content\/uploads\/2014\/05\/ze-raimundo-500x407.jpg\" width=\"500\" height=\"407\" srcset=\"https:\/\/www.sudoestehoje.com.br\/novoportal\/wp-content\/uploads\/2014\/05\/ze-raimundo-500x407.jpg 500w, https:\/\/www.sudoestehoje.com.br\/novoportal\/wp-content\/uploads\/2014\/05\/ze-raimundo.jpg 589w\" sizes=\"auto, (max-width: 500px) 100vw, 500px\" \/><\/a><\/p>\n<p><strong><em>Blog do Anderson<\/em><\/strong><\/p>\n<p>At\u00e9 mesmo os opositores citam o nome do deputado estadual e ex-prefeito de Vit\u00f3ria da Conquista, Jos\u00e9 Raimundo Fontes (PT), como um dos mais lembrados do eleitorado conquistense para ser reconduzido \u00e0 Prefeitura Municipal, mas ele se esquiva. A sua negativa sobre o assunto lhe <strong><a href=\"http:\/\/www.blogdoanderson.com\/2014\/03\/30\/eleicoes-2014-ademir-abreu-apoia-ze-raimundo-se-ele-sair-candidato-em-16\/\" target=\"_blank\">rendeu a perda de um important\u00edssimo apoio do vereador Ademir Abreu Magalh\u00e3es (PT)<\/a><\/strong>, l\u00edder local da tend\u00eancia Democracia Socialista (DS).<\/p>\n<p>Nas ruas da Capital do Sudoeste Baiano o eleitorado petista pede a volta de Z\u00e9 Raimundo,\u00a0<strong><a href=\"http:\/\/www.blogdoanderson.com\/2014\/03\/31\/eleicoes-2016-ze-coco-quer-ze-raimundo-de-volta-prefeitura\/\" target=\"_blank\">como foi o caso do Jos\u00e9 Augusto Rocha, popularmente conhecido como Z\u00e9 do Coco, que atua na Pra\u00e7a Bar\u00e3o do Rio Branco h\u00e1 mais de uma d\u00e9cada<\/a><\/strong>.<\/p>\n<p>Um pol\u00edtico de peso falou detalhadamente em entrevista ao<strong>\u00a0<a href=\"http:\/\/blogdofabiosena.com.br\/v2\/noticias\/politica\/helio-ribeiro-ha-um-desejo-so-na-cidade-a-volta-de-ze-raimundo\/#more-2010\" target=\"_blank\">Blog do F\u00e1bio Sena<\/a><\/strong>\u00a0neste final de semana, o assunto que est\u00e1 preso na garganta de muitos militantes petistas que est\u00e3o lotados em cargos no Executivo Conquistense, tendo em vista que o prefeito Guilherme Menezes de Andrade (PT) rema num sentido contr\u00e1rio do seu sucessor e antecessor, Z\u00e9 Raimundo.<\/p>\n<p>O entrevistado trata-se do ex-prefeito H\u00e9lio Ribeiro Santos, hoje assessor parlamentar do deputado estadual Z\u00e9 Raimundo e do federal Waldenor Pereira (PT-BA). Segundo Ribeiro, ele a sua f\u00e1cil penetra\u00e7\u00e3o na sociedade empresarial e comunit\u00e1ria \u00e9 poss\u00edvel confirmar o desejo da volta de Z\u00e9 Raimundo.<em>\u00a0<!--more--><\/em><\/p>\n<p><em>\u201cTudo pela simplicidade, pelo trabalho extraordin\u00e1rio que ele fez, pelo carisma, pela honestidade, pelo amor que ele tem a Conquista, ent\u00e3o a gente observa que h\u00e1 um desejo do povo de \u2018volta, Z\u00e9\u2019. Agora, quando a gente pergunta a ele, at\u00e9 querendo estimul\u00e1-lo a assumir essa candidatura, ele diz que o foco \u00e9 2014 e que 2016 \u00e9 outro tempo, que vai analisar, que n\u00e3o assume esse compromisso agora, ent\u00e3o a gente sabe que o desejo \u00e9 muito grande e quando sair a onda do volta, Z\u00e9, acho que ele n\u00e3o vai resistir\u201d<\/em>, afirma. Na uni\u00e3o de 16 partidos, que formam a Frente Conquista Popular, pelo menos cinco j\u00e1 citam nomes para suceder o prefeito Guilherme Menezes, mas caso Z\u00e9 Raimundo assuma essa empreitada, H\u00e9lio acredita que n\u00e3o haver\u00e1 dispers\u00e3o da coliga\u00e7\u00e3o.\u00a0<em>\u201cSem sombra de d\u00favida. Z\u00e9 \u00e9 uma pessoa que tem muito mais di\u00e1logo que o atual prefeito, que tem suas virtudes, \u00e9 um homem muito s\u00e9rio, trabalhador, mas, nessa capacidade de articula\u00e7\u00e3o, Z\u00e9 est\u00e1 furos \u00e0 frente do Guilherme, nessa quest\u00e3o das articula\u00e7\u00f5es. Ent\u00e3o acredito que a Frente Conquista Popular tende a se antecipar. Voc\u00ea n\u00e3o sabe a quantidade de candidatos a vereadores que n\u00e3o se elegeram e que procuraram o gabinete, me procuraram para apoiar Z\u00e9 para deputado. Uma quantidade muito grande, em grupos, porque j\u00e1 est\u00e3o vendo nele o pr\u00f3ximo prefeito de Vit\u00f3ria da Conquista. Ent\u00e3o, \u00e9 um desejo da comunidade. Mas temos que reeleger Z\u00e9 com vota\u00e7\u00e3o expressiva em Conquista para que ele tenha essa obriga\u00e7\u00e3o de aceitar uma candidatura em 2016. Vai depender da comunidade de Vit\u00f3ria da Conquista: quanto mais voto ele tiver, mais condi\u00e7\u00e3o ele ter\u00e1 de voltar\u201d<\/em>, complementa.<\/p>\n","protected":false},"excerpt":{"rendered":"<p>Blog do Anderson At\u00e9 mesmo os opositores citam o nome do deputado estadual e ex-prefeito de Vit\u00f3ria da Conquista, Jos\u00e9 Raimundo Fontes (PT), como um dos mais lembrados do eleitorado conquistense para ser reconduzido \u00e0 Prefeitura Municipal, mas ele se esquiva. A sua negativa sobre o assunto lhe rendeu a perda de um important\u00edssimo apoio [&hellip;]<\/p>\n","protected":false},"author":2,"featured_media":0,"comment_status":"open","ping_status":"open","sticky":false,"template":"","format":"standard","meta":{"footnotes":"","_links_to":"","_links_to_target":""},"categories":[1],"tags":[],"class_list":["post-36855","post","type-post","status-publish","format-standard","hentry","category-geral"],"views":1263,"_links":{"self":[{"href":"https:\/\/www.sudoestehoje.com.br\/novoportal\/wp-json\/wp\/v2\/posts\/36855","targetHints":{"allow":["GET"]}}],"collection":[{"href":"https:\/\/www.sudoestehoje.com.br\/novoportal\/wp-json\/wp\/v2\/posts"}],"about":[{"href":"https:\/\/www.sudoestehoje.com.br\/novoportal\/wp-json\/wp\/v2\/types\/post"}],"author":[{"embeddable":true,"href":"https:\/\/www.sudoestehoje.com.br\/novoportal\/wp-json\/wp\/v2\/users\/2"}],"replies":[{"embeddable":true,"href":"https:\/\/www.sudoestehoje.com.br\/novoportal\/wp-json\/wp\/v2\/comments?post=36855"}],"version-history":[{"count":3,"href":"https:\/\/www.sudoestehoje.com.br\/novoportal\/wp-json\/wp\/v2\/posts\/36855\/revisions"}],"predecessor-version":[{"id":36859,"href":"https:\/\/www.sudoestehoje.com.br\/novoportal\/wp-json\/wp\/v2\/posts\/36855\/revisions\/36859"}],"wp:attachment":[{"href":"https:\/\/www.sudoestehoje.com.br\/novoportal\/wp-json\/wp\/v2\/media?parent=36855"}],"wp:term":[{"taxonomy":"category","embeddable":true,"href":"https:\/\/www.sudoestehoje.com.br\/novoportal\/wp-json\/wp\/v2\/categories?post=36855"},{"taxonomy":"post_tag","embeddable":true,"href":"https:\/\/www.sudoestehoje.com.br\/novoportal\/wp-json\/wp\/v2\/tags?post=36855"}],"curies":[{"name":"wp","href":"https:\/\/api.w.org\/{rel}","templated":true}]}}