
{"id":36852,"date":"2014-05-10T22:31:00","date_gmt":"2014-05-11T01:31:00","guid":{"rendered":"http:\/\/www.sudoestehoje.com.br\/novoportal\/?p=36852"},"modified":"2014-05-10T22:31:00","modified_gmt":"2014-05-11T01:31:00","slug":"herzem-gusmao-acompanha-enconto-das-oposicoes-em-jequie","status":"publish","type":"post","link":"https:\/\/www.sudoestehoje.com.br\/novoportal\/2014\/05\/10\/herzem-gusmao-acompanha-enconto-das-oposicoes-em-jequie\/","title":{"rendered":"HERZEM GUSM\u00c3O ACOMPANHA ENCONTO DAS OPOSI\u00c7\u00d5ES EM JEQUI\u00c9"},"content":{"rendered":"<p><a href=\"http:\/\/www.sudoestehoje.com.br\/novoportal\/wp-content\/uploads\/2014\/05\/ENCONTRO-JEQUI\u00c9.jpg\"><img loading=\"lazy\" decoding=\"async\" class=\"aligncenter size-full wp-image-36853\" alt=\"ENCONTRO JEQUI\u00c9\" src=\"http:\/\/www.sudoestehoje.com.br\/novoportal\/wp-content\/uploads\/2014\/05\/ENCONTRO-JEQUI\u00c9.jpg\" width=\"500\" height=\"300\" \/><\/a><\/p>\n<p>JEQUI\u00c9: O pr\u00e9-candidato a deputado estadual, Herzem Gusm\u00e3o, est\u00e1 acompanhando neste s\u00e1bado (10) a comitiva da chapa de oposi\u00e7\u00e3o baiana em sua visita pelo sul do Estado. O presidente do PMDB de Vit\u00f3ria da Conquista esteve na cidade de Jequi\u00e9, primeiro local visitado neste final de semana, e estar\u00e1 tamb\u00e9m em Itabuna, finalizando esta viagem da comitiva.<\/p>\n<p>Segundo o peemidebista, \u201ceste primeiro encontro em Jequi\u00e9 se compara ao que foi realizado em Vit\u00f3ria da Conquista, em quantidade de p\u00fablico e envolvimento. Isso mostra o quanto esta chapa tem a aprova\u00e7\u00e3o da popula\u00e7\u00e3o\u201d.<\/p>\n<p>As visitas das lideran\u00e7as oposicionistas da Bahia continuar\u00e3o por todo Estado. No dia 12 deste m\u00eas, Feira de Santana receber\u00e1 os pr\u00e9-candidatos, com o refor\u00e7o do presidenci\u00e1vel A\u00e9cio Neves. No dia 16 ser\u00e1 a vez de Itapetinga, durante a realiza\u00e7\u00e3o da Exposi\u00e7\u00e3o Agropecu\u00e1ria. Resenha Geral<\/p>\n","protected":false},"excerpt":{"rendered":"<p>JEQUI\u00c9: O pr\u00e9-candidato a deputado estadual, Herzem Gusm\u00e3o, est\u00e1 acompanhando neste s\u00e1bado (10) a comitiva da chapa de oposi\u00e7\u00e3o baiana em sua visita pelo sul do Estado. O presidente do PMDB de Vit\u00f3ria da Conquista esteve na cidade de Jequi\u00e9, primeiro local visitado neste final de semana, e estar\u00e1 tamb\u00e9m em Itabuna, finalizando esta viagem [&hellip;]<\/p>\n","protected":false},"author":2,"featured_media":0,"comment_status":"open","ping_status":"open","sticky":false,"template":"","format":"standard","meta":{"footnotes":"","_links_to":"","_links_to_target":""},"categories":[1],"tags":[],"class_list":["post-36852","post","type-post","status-publish","format-standard","hentry","category-geral"],"views":1116,"_links":{"self":[{"href":"https:\/\/www.sudoestehoje.com.br\/novoportal\/wp-json\/wp\/v2\/posts\/36852","targetHints":{"allow":["GET"]}}],"collection":[{"href":"https:\/\/www.sudoestehoje.com.br\/novoportal\/wp-json\/wp\/v2\/posts"}],"about":[{"href":"https:\/\/www.sudoestehoje.com.br\/novoportal\/wp-json\/wp\/v2\/types\/post"}],"author":[{"embeddable":true,"href":"https:\/\/www.sudoestehoje.com.br\/novoportal\/wp-json\/wp\/v2\/users\/2"}],"replies":[{"embeddable":true,"href":"https:\/\/www.sudoestehoje.com.br\/novoportal\/wp-json\/wp\/v2\/comments?post=36852"}],"version-history":[{"count":1,"href":"https:\/\/www.sudoestehoje.com.br\/novoportal\/wp-json\/wp\/v2\/posts\/36852\/revisions"}],"predecessor-version":[{"id":36854,"href":"https:\/\/www.sudoestehoje.com.br\/novoportal\/wp-json\/wp\/v2\/posts\/36852\/revisions\/36854"}],"wp:attachment":[{"href":"https:\/\/www.sudoestehoje.com.br\/novoportal\/wp-json\/wp\/v2\/media?parent=36852"}],"wp:term":[{"taxonomy":"category","embeddable":true,"href":"https:\/\/www.sudoestehoje.com.br\/novoportal\/wp-json\/wp\/v2\/categories?post=36852"},{"taxonomy":"post_tag","embeddable":true,"href":"https:\/\/www.sudoestehoje.com.br\/novoportal\/wp-json\/wp\/v2\/tags?post=36852"}],"curies":[{"name":"wp","href":"https:\/\/api.w.org\/{rel}","templated":true}]}}