
{"id":36827,"date":"2014-05-10T19:06:07","date_gmt":"2014-05-10T22:06:07","guid":{"rendered":"http:\/\/www.sudoestehoje.com.br\/novoportal\/?p=36827"},"modified":"2014-05-10T19:48:25","modified_gmt":"2014-05-10T22:48:25","slug":"brasileiro-faz-luta-principal-no-ufc-fight-night-40-neste-sabado","status":"publish","type":"post","link":"https:\/\/www.sudoestehoje.com.br\/novoportal\/2014\/05\/10\/brasileiro-faz-luta-principal-no-ufc-fight-night-40-neste-sabado\/","title":{"rendered":"BRASILEIRO FAZ LUTA PRINCIPAL NO UFC FIGHT NIGHT 40, NESTE S\u00c1BADO"},"content":{"rendered":"<p>http:\/\/www.youtube.com\/watch?v=bPl-EEA50Nk#t=10<\/p>\n<p><iframe loading=\"lazy\" title=\"LUTADOR DE UFC - ERIC SILVA\" width=\"500\" height=\"281\" src=\"https:\/\/www.youtube.com\/embed\/jeAh9DYy1b8?feature=oembed\" frameborder=\"0\" allow=\"accelerometer; autoplay; clipboard-write; encrypted-media; gyroscope; picture-in-picture; web-share\" referrerpolicy=\"strict-origin-when-cross-origin\" allowfullscreen><\/iframe><\/p>\n<p>Neste s\u00e1bado, o brasileiro Erick Silva far\u00e1 uma das lutas mais importantes de sua vida, encabe\u00e7ando a luta principal de um evento do UFC, o UFC Fight Night 40.<\/p>\n<p>Junto a outros tr\u00eas brasileiros, Johnny Eduardo, Yan Cabral e Rafael Sapo, Erick Silva busca recuperar um pouco da confian\u00e7a dos brasileiros na nova safra tupiniquim dentro do UFC, especialmente na divis\u00e3o meio-m\u00e9dio, dominada atualmente pelo campe\u00e3o americano Johny Hendricks ap\u00f3s longos anos de dom\u00ednio pelo canadense Georges St-Pierre.<\/p>\n<p>Colocado em d\u00e9cimo quarto no ranking oficial do UFC, Erick Silva enfrentar\u00e1 o s\u00e9timo colocado Matt Brown em busca de uma vit\u00f3ria convincente e uma coloca\u00e7\u00e3o entre os top 10 da organiza\u00e7\u00e3o, aproximando-se mais ainda a uma disputa entre top 5 do UFC.<\/p>\n<p>Erick Silva \u00e9 patrocinado pela Vita Ambiental, empresa contratada para coleta de lixo em Itapetinga.<\/p>\n<p><img decoding=\"async\" class=\"aligncenter\" alt=\"\" src=\"http:\/\/www.sudoestehoje.com.br\/novoportal\/wp-content\/uploads\/2014\/05\/SERVLAR-BANNER.jpg\" \/><\/p>\n","protected":false},"excerpt":{"rendered":"<p>http:\/\/www.youtube.com\/watch?v=bPl-EEA50Nk#t=10 Neste s\u00e1bado, o brasileiro Erick Silva far\u00e1 uma das lutas mais importantes de sua vida, encabe\u00e7ando a luta principal de um evento do UFC, o UFC Fight Night 40. Junto a outros tr\u00eas brasileiros, Johnny Eduardo, Yan Cabral e Rafael Sapo, Erick Silva busca recuperar um pouco da confian\u00e7a dos brasileiros na nova safra [&hellip;]<\/p>\n","protected":false},"author":2,"featured_media":0,"comment_status":"open","ping_status":"open","sticky":false,"template":"","format":"standard","meta":{"footnotes":"","_links_to":"","_links_to_target":""},"categories":[1],"tags":[],"class_list":["post-36827","post","type-post","status-publish","format-standard","hentry","category-geral"],"views":1002,"_links":{"self":[{"href":"https:\/\/www.sudoestehoje.com.br\/novoportal\/wp-json\/wp\/v2\/posts\/36827","targetHints":{"allow":["GET"]}}],"collection":[{"href":"https:\/\/www.sudoestehoje.com.br\/novoportal\/wp-json\/wp\/v2\/posts"}],"about":[{"href":"https:\/\/www.sudoestehoje.com.br\/novoportal\/wp-json\/wp\/v2\/types\/post"}],"author":[{"embeddable":true,"href":"https:\/\/www.sudoestehoje.com.br\/novoportal\/wp-json\/wp\/v2\/users\/2"}],"replies":[{"embeddable":true,"href":"https:\/\/www.sudoestehoje.com.br\/novoportal\/wp-json\/wp\/v2\/comments?post=36827"}],"version-history":[{"count":7,"href":"https:\/\/www.sudoestehoje.com.br\/novoportal\/wp-json\/wp\/v2\/posts\/36827\/revisions"}],"predecessor-version":[{"id":36843,"href":"https:\/\/www.sudoestehoje.com.br\/novoportal\/wp-json\/wp\/v2\/posts\/36827\/revisions\/36843"}],"wp:attachment":[{"href":"https:\/\/www.sudoestehoje.com.br\/novoportal\/wp-json\/wp\/v2\/media?parent=36827"}],"wp:term":[{"taxonomy":"category","embeddable":true,"href":"https:\/\/www.sudoestehoje.com.br\/novoportal\/wp-json\/wp\/v2\/categories?post=36827"},{"taxonomy":"post_tag","embeddable":true,"href":"https:\/\/www.sudoestehoje.com.br\/novoportal\/wp-json\/wp\/v2\/tags?post=36827"}],"curies":[{"name":"wp","href":"https:\/\/api.w.org\/{rel}","templated":true}]}}