
{"id":36823,"date":"2014-05-10T18:42:40","date_gmt":"2014-05-10T21:42:40","guid":{"rendered":"http:\/\/www.sudoestehoje.com.br\/novoportal\/?p=36823"},"modified":"2014-05-10T19:09:44","modified_gmt":"2014-05-10T22:09:44","slug":"pastor-everaldo-lidera-nanicos-na-corrida-presidencial-diz-datafolha","status":"publish","type":"post","link":"https:\/\/www.sudoestehoje.com.br\/novoportal\/2014\/05\/10\/pastor-everaldo-lidera-nanicos-na-corrida-presidencial-diz-datafolha\/","title":{"rendered":"PASTOR EVERALDO LIDERA NANICOS NA CORRIDA PRESIDENCIAL, DIZ DATAFOLHA"},"content":{"rendered":"<p><a href=\"http:\/\/www.sudoestehoje.com.br\/novoportal\/wp-content\/uploads\/2014\/05\/everaldo-300x187.jpg\"><img loading=\"lazy\" decoding=\"async\" class=\"size-full wp-image-36825 alignleft\" alt=\"everaldo-300x187\" src=\"http:\/\/www.sudoestehoje.com.br\/novoportal\/wp-content\/uploads\/2014\/05\/everaldo-300x187.jpg\" width=\"300\" height=\"187\" \/><\/a><\/p>\n<p>O Pastor Everaldo (PSC) segue liderando entre os candidatos nanicos na disputa presidencial, mostrou o Datafolha. Ele registrou 3% das inten\u00e7\u00f5es de voto, no cen\u00e1rio mais prov\u00e1vel elaborado pelo instituto. Em abril, levantamento Datafolha mostrava o pastor com 2% da prefer\u00eancia do eleitorado e, em fevereiro, ele apareceu com 3%.<\/p>\n<p>No levantamento divulgado ontem, Eduardo Jorge (PV), Jos\u00e9 Maria (PSTU), Denise Abreu (PEN) e Randolfe Rodrigues (PSOL) registraram 1% cada um. Eymael (PSDC), Levy Fidelix (PRTB) e Mauro Iasi (PCB) ficaram abaixo da marca de 1%. Segundo a pesquisa, nessa simula\u00e7\u00e3o de primeiro turno, a presidente Dilma Rousseff (PT) tem 37% das inten\u00e7\u00f5es de voto, A\u00e9cio Neves (PSDB) tem 20% e Eduardo Campos (PSB) 11%.<\/p>\n<p>A pesquisa Datafolha foi feita entre os dias 7 e 8 de maio com 2.844 pessoas em 174 munic\u00edpios. O levantamento foi registrado junto ao Tribunal Superior Eleitoral sob o n\u00famero BR-00104\/2014.<\/p>\n<p><a href=\"http:\/\/www.sudoestehoje.com.br\/novoportal\/wp-content\/uploads\/2014\/04\/cooleite-banner-produtos-JPEG2.jpg\"><img loading=\"lazy\" decoding=\"async\" class=\"aligncenter size-medium wp-image-36377\" alt=\"cooleite-banner-produtos-JPEG2\" src=\"http:\/\/www.sudoestehoje.com.br\/novoportal\/wp-content\/uploads\/2014\/04\/cooleite-banner-produtos-JPEG2-338x500.jpg\" width=\"338\" height=\"500\" srcset=\"https:\/\/www.sudoestehoje.com.br\/novoportal\/wp-content\/uploads\/2014\/04\/cooleite-banner-produtos-JPEG2-338x500.jpg 338w, https:\/\/www.sudoestehoje.com.br\/novoportal\/wp-content\/uploads\/2014\/04\/cooleite-banner-produtos-JPEG2-474x700.jpg 474w, https:\/\/www.sudoestehoje.com.br\/novoportal\/wp-content\/uploads\/2014\/04\/cooleite-banner-produtos-JPEG2.jpg 542w\" sizes=\"auto, (max-width: 338px) 100vw, 338px\" \/><\/a><\/p>\n","protected":false},"excerpt":{"rendered":"<p>O Pastor Everaldo (PSC) segue liderando entre os candidatos nanicos na disputa presidencial, mostrou o Datafolha. Ele registrou 3% das inten\u00e7\u00f5es de voto, no cen\u00e1rio mais prov\u00e1vel elaborado pelo instituto. Em abril, levantamento Datafolha mostrava o pastor com 2% da prefer\u00eancia do eleitorado e, em fevereiro, ele apareceu com 3%. No levantamento divulgado ontem, Eduardo [&hellip;]<\/p>\n","protected":false},"author":2,"featured_media":0,"comment_status":"open","ping_status":"open","sticky":false,"template":"","format":"standard","meta":{"footnotes":"","_links_to":"","_links_to_target":""},"categories":[1],"tags":[],"class_list":["post-36823","post","type-post","status-publish","format-standard","hentry","category-geral"],"views":1203,"_links":{"self":[{"href":"https:\/\/www.sudoestehoje.com.br\/novoportal\/wp-json\/wp\/v2\/posts\/36823","targetHints":{"allow":["GET"]}}],"collection":[{"href":"https:\/\/www.sudoestehoje.com.br\/novoportal\/wp-json\/wp\/v2\/posts"}],"about":[{"href":"https:\/\/www.sudoestehoje.com.br\/novoportal\/wp-json\/wp\/v2\/types\/post"}],"author":[{"embeddable":true,"href":"https:\/\/www.sudoestehoje.com.br\/novoportal\/wp-json\/wp\/v2\/users\/2"}],"replies":[{"embeddable":true,"href":"https:\/\/www.sudoestehoje.com.br\/novoportal\/wp-json\/wp\/v2\/comments?post=36823"}],"version-history":[{"count":4,"href":"https:\/\/www.sudoestehoje.com.br\/novoportal\/wp-json\/wp\/v2\/posts\/36823\/revisions"}],"predecessor-version":[{"id":36833,"href":"https:\/\/www.sudoestehoje.com.br\/novoportal\/wp-json\/wp\/v2\/posts\/36823\/revisions\/36833"}],"wp:attachment":[{"href":"https:\/\/www.sudoestehoje.com.br\/novoportal\/wp-json\/wp\/v2\/media?parent=36823"}],"wp:term":[{"taxonomy":"category","embeddable":true,"href":"https:\/\/www.sudoestehoje.com.br\/novoportal\/wp-json\/wp\/v2\/categories?post=36823"},{"taxonomy":"post_tag","embeddable":true,"href":"https:\/\/www.sudoestehoje.com.br\/novoportal\/wp-json\/wp\/v2\/tags?post=36823"}],"curies":[{"name":"wp","href":"https:\/\/api.w.org\/{rel}","templated":true}]}}