
{"id":36818,"date":"2014-05-10T18:03:20","date_gmt":"2014-05-10T21:03:20","guid":{"rendered":"http:\/\/www.sudoestehoje.com.br\/novoportal\/?p=36818"},"modified":"2014-05-11T23:53:07","modified_gmt":"2014-05-12T02:53:07","slug":"dirigente-petista-e-acusado-de-ameaca-contra-joaquim-barbosa","status":"publish","type":"post","link":"https:\/\/www.sudoestehoje.com.br\/novoportal\/2014\/05\/10\/dirigente-petista-e-acusado-de-ameaca-contra-joaquim-barbosa\/","title":{"rendered":"DIRIGENTE PETISTA \u00c9 ACUSADO DE AMEA\u00c7A CONTRA JOAQUIM BARBOSA"},"content":{"rendered":"<p style=\"text-align: center;\"><img decoding=\"async\" class=\"aligncenter\" alt=\"PROCURADO\u2002- A PF tenta descobrir a identidade de um tal &quot;Antonio Granado&quot;, que incita os militantes a atentar contra a vida do ministro\" src=\"http:\/\/veja1.abrilm.com.br\/assets\/images\/2014\/5\/221183\/MENSALAO-JOAQUIM-BARBOSA-2013-229-size-598.jpg?1399682082\" width=\"500\" \/><\/p>\n<p>A Pol\u00edcia Federal (PF) investiga, a pedido do Supremo Tribunal Federal (STF), amea\u00e7as de morte feitas ao presidente da Corte, Joaquim Barbosa, em perfis de redes sociais na internet. Em um dos dois inqu\u00e9ritos, a PF indica que, entre os autores dos textos apurados, est\u00e1 S\u00e9rvolo de Oliveira e Silva, secret\u00e1rio de organiza\u00e7\u00e3o do diret\u00f3rio do PT em Natal e membro da Comiss\u00e3o de \u00c9tica do partido no Rio Grande do Norte.<\/p>\n<p><em>&#8220;Contra Joaquim Barbosa toda viol\u00eancia \u00e9 permitida, porque n\u00e3o se trata de um ser humano, mas de um monstro e de uma aberra\u00e7\u00e3o moral das mais pavorosas&#8221;<\/em>, postou o petista no perfil do Facebook com o nome de S\u00e9rvolo Aimor\u00e9-Botocudo de Oliveira, como informou a edi\u00e7\u00e3o da revista Veja deste fim de semana. <em>&#8220;Joaquim Barbosa deve ser morto. Ponto final. Estou amea\u00e7ando a um monstro que \u00e9 uma amea\u00e7a ao meu pa\u00eds. Barbosa \u00e9 um monstro e como monstro deve ser tratado&#8221;<\/em>, continuou.<\/p>\n<p>Depois de virar alvo de opera\u00e7\u00e3o da PF, S\u00e9rvolo se mudou para Foz de Igua\u00e7u. \u00c0 Veja, ele disse que, apesar das declara\u00e7\u00f5es, <em>\u201cn\u00e3o teria coragem de matar ningu\u00e9m\u201d<\/em> e que, se realmente o quisesse fazer, n\u00e3o teria postado na internet.<\/p>\n<p>No outro inqu\u00e9rito, segundo pedido do Minist\u00e9rio P\u00fablico Federal, a pol\u00edcia investiga quem est\u00e1 por tr\u00e1s de um perfil criado em Bras\u00edlia, que convoca membros e correligion\u00e1rios do PT a atentar contra a vida do presidente do STF. Amea\u00e7a de morte pode render pena de at\u00e9 seis meses de pris\u00e3o, de acordo com o C\u00f3digo Penal.<\/p>\n","protected":false},"excerpt":{"rendered":"<p>A Pol\u00edcia Federal (PF) investiga, a pedido do Supremo Tribunal Federal (STF), amea\u00e7as de morte feitas ao presidente da Corte, Joaquim Barbosa, em perfis de redes sociais na internet. Em um dos dois inqu\u00e9ritos, a PF indica que, entre os autores dos textos apurados, est\u00e1 S\u00e9rvolo de Oliveira e Silva, secret\u00e1rio de organiza\u00e7\u00e3o do diret\u00f3rio [&hellip;]<\/p>\n","protected":false},"author":2,"featured_media":0,"comment_status":"open","ping_status":"open","sticky":false,"template":"","format":"standard","meta":{"footnotes":"","_links_to":"","_links_to_target":""},"categories":[1],"tags":[],"class_list":["post-36818","post","type-post","status-publish","format-standard","hentry","category-geral"],"views":1037,"_links":{"self":[{"href":"https:\/\/www.sudoestehoje.com.br\/novoportal\/wp-json\/wp\/v2\/posts\/36818","targetHints":{"allow":["GET"]}}],"collection":[{"href":"https:\/\/www.sudoestehoje.com.br\/novoportal\/wp-json\/wp\/v2\/posts"}],"about":[{"href":"https:\/\/www.sudoestehoje.com.br\/novoportal\/wp-json\/wp\/v2\/types\/post"}],"author":[{"embeddable":true,"href":"https:\/\/www.sudoestehoje.com.br\/novoportal\/wp-json\/wp\/v2\/users\/2"}],"replies":[{"embeddable":true,"href":"https:\/\/www.sudoestehoje.com.br\/novoportal\/wp-json\/wp\/v2\/comments?post=36818"}],"version-history":[{"count":8,"href":"https:\/\/www.sudoestehoje.com.br\/novoportal\/wp-json\/wp\/v2\/posts\/36818\/revisions"}],"predecessor-version":[{"id":36883,"href":"https:\/\/www.sudoestehoje.com.br\/novoportal\/wp-json\/wp\/v2\/posts\/36818\/revisions\/36883"}],"wp:attachment":[{"href":"https:\/\/www.sudoestehoje.com.br\/novoportal\/wp-json\/wp\/v2\/media?parent=36818"}],"wp:term":[{"taxonomy":"category","embeddable":true,"href":"https:\/\/www.sudoestehoje.com.br\/novoportal\/wp-json\/wp\/v2\/categories?post=36818"},{"taxonomy":"post_tag","embeddable":true,"href":"https:\/\/www.sudoestehoje.com.br\/novoportal\/wp-json\/wp\/v2\/tags?post=36818"}],"curies":[{"name":"wp","href":"https:\/\/api.w.org\/{rel}","templated":true}]}}