
{"id":36809,"date":"2014-05-10T12:12:53","date_gmt":"2014-05-10T15:12:53","guid":{"rendered":"http:\/\/www.sudoestehoje.com.br\/novoportal\/?p=36809"},"modified":"2014-05-10T12:31:37","modified_gmt":"2014-05-10T15:31:37","slug":"a-volta-da-inflacao-do-tomate","status":"publish","type":"post","link":"https:\/\/www.sudoestehoje.com.br\/novoportal\/2014\/05\/10\/a-volta-da-inflacao-do-tomate\/","title":{"rendered":"A VOLTA DA INFLA\u00c7\u00c3O DO TOMATE"},"content":{"rendered":"<div id=\"attachment_36810\" style=\"width: 510px\" class=\"wp-caption aligncenter\"><a href=\"http:\/\/www.sudoestehoje.com.br\/novoportal\/wp-content\/uploads\/2014\/05\/TOMATE-RONDELLI.jpg\"><img loading=\"lazy\" decoding=\"async\" aria-describedby=\"caption-attachment-36810\" class=\"size-medium wp-image-36810\" alt=\"A alta\" src=\"http:\/\/www.sudoestehoje.com.br\/novoportal\/wp-content\/uploads\/2014\/05\/TOMATE-RONDELLI-500x375.jpg\" width=\"500\" height=\"375\" srcset=\"https:\/\/www.sudoestehoje.com.br\/novoportal\/wp-content\/uploads\/2014\/05\/TOMATE-RONDELLI-500x375.jpg 500w, https:\/\/www.sudoestehoje.com.br\/novoportal\/wp-content\/uploads\/2014\/05\/TOMATE-RONDELLI-700x525.jpg 700w, https:\/\/www.sudoestehoje.com.br\/novoportal\/wp-content\/uploads\/2014\/05\/TOMATE-RONDELLI.jpg 960w\" sizes=\"auto, (max-width: 500px) 100vw, 500px\" \/><\/a><p id=\"caption-attachment-36810\" class=\"wp-caption-text\">A alta no pre\u00e7o do tomate em Itapetinga, foi flagrada pelo vereador Fabiano Bahia, em um supermercado local, nesta sexta-feira. Repare que os pre\u00e7os dos ovos tamb\u00e9m est\u00e3o em alta.<\/p><\/div>\n<p>Acompanhando as not\u00edcias nos blogs e TVs, me deparei com o ministro Mantega tentando explicar a alta do pre\u00e7o da batatinha, que o governo atribui a um &#8216;fen\u00f4meno sazonal&#8217;.<\/p>\n<p>No meio da controv\u00e9rsia da batatinha, o governo se esqueceu do velho, bom e indispens\u00e1vel tomate, cujos pre\u00e7os voltaram a subir de uma hora para outra, como mostra a foto do vereador Fabiano Bahia (DEM), tirada ontem em um supermercado de Itapetinga e postada no Facebook.<\/p>\n<p>Essa hist\u00f3ria dos pre\u00e7os das frutas, verduras e legumes, nas feiras livres e supermercados, est\u00e1 parecendo com aquele velho cobertor &#8216;Dorme Bem&#8217;, que quando o sujeito cobria a cabe\u00e7a, descobria os p\u00e9s, e vice versa.<\/p>\n<p>Mas a infla\u00e7\u00e3o dos alimentos vai muito al\u00e9m dos vil\u00f5es do momento, o tomate e a batatinha, atingindo tamb\u00e9m os ovos, as carnes, o leite, o feij\u00e3o e muito mais.<\/p>\n<p>Quem frequenta os supermercados, sabe muito bem disto, e vem o governo dizer que a infla\u00e7\u00e3o de abril foi de 0,25%. Tem d\u00f3 de n\u00f3s, Dilma!<\/p>\n<p><strong><em>Por Davi Ferraz\u00a0<\/em><\/strong><\/p>\n<p><a href=\"http:\/\/www.sudoestehoje.com.br\/novoportal\/wp-content\/uploads\/2014\/05\/\u00d3TICA-ITAPUAN-BANNER1.jpg\"><img loading=\"lazy\" decoding=\"async\" class=\"aligncenter size-full wp-image-36814\" alt=\"\u00d3TICA-ITAPUAN-BANNER\" src=\"http:\/\/www.sudoestehoje.com.br\/novoportal\/wp-content\/uploads\/2014\/05\/\u00d3TICA-ITAPUAN-BANNER1.jpg\" width=\"500\" height=\"179\" \/><\/a><\/p>\n","protected":false},"excerpt":{"rendered":"<p>Acompanhando as not\u00edcias nos blogs e TVs, me deparei com o ministro Mantega tentando explicar a alta do pre\u00e7o da batatinha, que o governo atribui a um &#8216;fen\u00f4meno sazonal&#8217;. No meio da controv\u00e9rsia da batatinha, o governo se esqueceu do velho, bom e indispens\u00e1vel tomate, cujos pre\u00e7os voltaram a subir de uma hora para outra, [&hellip;]<\/p>\n","protected":false},"author":2,"featured_media":0,"comment_status":"open","ping_status":"open","sticky":false,"template":"","format":"standard","meta":{"footnotes":"","_links_to":"","_links_to_target":""},"categories":[1],"tags":[],"class_list":["post-36809","post","type-post","status-publish","format-standard","hentry","category-geral"],"views":1306,"_links":{"self":[{"href":"https:\/\/www.sudoestehoje.com.br\/novoportal\/wp-json\/wp\/v2\/posts\/36809","targetHints":{"allow":["GET"]}}],"collection":[{"href":"https:\/\/www.sudoestehoje.com.br\/novoportal\/wp-json\/wp\/v2\/posts"}],"about":[{"href":"https:\/\/www.sudoestehoje.com.br\/novoportal\/wp-json\/wp\/v2\/types\/post"}],"author":[{"embeddable":true,"href":"https:\/\/www.sudoestehoje.com.br\/novoportal\/wp-json\/wp\/v2\/users\/2"}],"replies":[{"embeddable":true,"href":"https:\/\/www.sudoestehoje.com.br\/novoportal\/wp-json\/wp\/v2\/comments?post=36809"}],"version-history":[{"count":4,"href":"https:\/\/www.sudoestehoje.com.br\/novoportal\/wp-json\/wp\/v2\/posts\/36809\/revisions"}],"predecessor-version":[{"id":36815,"href":"https:\/\/www.sudoestehoje.com.br\/novoportal\/wp-json\/wp\/v2\/posts\/36809\/revisions\/36815"}],"wp:attachment":[{"href":"https:\/\/www.sudoestehoje.com.br\/novoportal\/wp-json\/wp\/v2\/media?parent=36809"}],"wp:term":[{"taxonomy":"category","embeddable":true,"href":"https:\/\/www.sudoestehoje.com.br\/novoportal\/wp-json\/wp\/v2\/categories?post=36809"},{"taxonomy":"post_tag","embeddable":true,"href":"https:\/\/www.sudoestehoje.com.br\/novoportal\/wp-json\/wp\/v2\/tags?post=36809"}],"curies":[{"name":"wp","href":"https:\/\/api.w.org\/{rel}","templated":true}]}}