
{"id":3680,"date":"2011-03-02T10:54:22","date_gmt":"2011-03-02T13:54:22","guid":{"rendered":"http:\/\/www.sudoestehoje.com.br\/novoportal\/?p=3680"},"modified":"2011-03-02T12:50:35","modified_gmt":"2011-03-02T15:50:35","slug":"itapetinguenses-sofrem-acidente-no-trevo-de-potiragua","status":"publish","type":"post","link":"https:\/\/www.sudoestehoje.com.br\/novoportal\/2011\/03\/02\/itapetinguenses-sofrem-acidente-no-trevo-de-potiragua\/","title":{"rendered":"ITAPETINGUENSES SOFREM ACIDENTE NO TREVO DE POTIRAGU\u00c1"},"content":{"rendered":"<p>\u00a0<\/p>\n<p style=\"text-align: center;\">\u00a0<a href=\"https:\/\/lh5.googleusercontent.com\/-qYKcaRY9Ltc\/TW11sKFHdgI\/AAAAAAAAAYo\/dGpkmqpnzFA\/s1600\/acidente+3.jpg\"><img loading=\"lazy\" decoding=\"async\" class=\"aligncenter\" src=\"https:\/\/lh5.googleusercontent.com\/-qYKcaRY9Ltc\/TW11sKFHdgI\/AAAAAAAAAYo\/dGpkmqpnzFA\/s320\/acidente+3.jpg\" border=\"0\" alt=\"\" width=\"320\" height=\"240\" \/><\/a>\u00a0<em><strong>Caminhonete ficou parcialmente destruida<\/strong><\/em><\/p>\n<p>\u00a0<\/p>\n<p>ITAPETINGA: Na tarde desta ter\u00e7a-feira, por volta das 17:30 h, no trevo que liga Itapetinga a Potiragu\u00e1 aconteceu um acidente entre uma Scania e uma Hilux. O motorista da Scania o senhor M\u00e1rcio Ant\u00f4nio Diniz de 47 anos, que vinha da cidade de Itabuna sentido Itapetinga informou a nossa equipe que o ve\u00edculo Hilux vinha de Potiragu\u00e1 e n\u00e3o parou no trevo para fazer o reconhecimento da pista, e como a Scania vinha numa velocidade razo\u00e1vel, o motorista fez de tudo para evitar, mas n\u00e3o conseguiu evitar o choque.<\/p>\n<p style=\"text-align: center;\">\u00a0<a href=\"https:\/\/lh5.googleusercontent.com\/-_q--pvdB0NA\/TW12IDtTuRI\/AAAAAAAAAY0\/5IqNGDEQ-w8\/s1600\/acidente+7.jpg\"><img loading=\"lazy\" decoding=\"async\" class=\"aligncenter\" src=\"https:\/\/lh5.googleusercontent.com\/-_q--pvdB0NA\/TW12IDtTuRI\/AAAAAAAAAY0\/5IqNGDEQ-w8\/s320\/acidente+7.jpg\" border=\"0\" alt=\"\" width=\"320\" height=\"240\" \/><\/a>\u00a0<em><strong>Carreta ficou atravessada na pista<\/strong><\/em><\/p>\n<p>O motorista da Hilux, Ney Amorim, m\u00e9dico veterin\u00e1rio, foi removido para receber atendimento m\u00e9dico, j\u00e1 que o mesmo se encontrava em estado de choque. No carro que o veterin\u00e1rio dirigia tamb\u00e9m estava o seu pai Francisco Amorim, de 90 anos, mais conhecido por Chico Amorim, pecuarista da regi\u00e3o. Todos sairam ilesos do acidente, por\u00e9m o carro ficou visivelmente destru\u00eddo.<\/p>\n<p>Informa\u00e7\u00f5es do Blog Itoror\u00f3 J\u00e1<\/p>\n","protected":false},"excerpt":{"rendered":"<p>\u00a0 \u00a0\u00a0Caminhonete ficou parcialmente destruida \u00a0 ITAPETINGA: Na tarde desta ter\u00e7a-feira, por volta das 17:30 h, no trevo que liga Itapetinga a Potiragu\u00e1 aconteceu um acidente entre uma Scania e uma Hilux. O motorista da Scania o senhor M\u00e1rcio Ant\u00f4nio Diniz de 47 anos, que vinha da cidade de Itabuna sentido Itapetinga informou a nossa [&hellip;]<\/p>\n","protected":false},"author":2,"featured_media":0,"comment_status":"open","ping_status":"open","sticky":false,"template":"","format":"standard","meta":{"footnotes":"","_links_to":"","_links_to_target":""},"categories":[1],"tags":[],"class_list":["post-3680","post","type-post","status-publish","format-standard","hentry","category-geral"],"views":1665,"_links":{"self":[{"href":"https:\/\/www.sudoestehoje.com.br\/novoportal\/wp-json\/wp\/v2\/posts\/3680","targetHints":{"allow":["GET"]}}],"collection":[{"href":"https:\/\/www.sudoestehoje.com.br\/novoportal\/wp-json\/wp\/v2\/posts"}],"about":[{"href":"https:\/\/www.sudoestehoje.com.br\/novoportal\/wp-json\/wp\/v2\/types\/post"}],"author":[{"embeddable":true,"href":"https:\/\/www.sudoestehoje.com.br\/novoportal\/wp-json\/wp\/v2\/users\/2"}],"replies":[{"embeddable":true,"href":"https:\/\/www.sudoestehoje.com.br\/novoportal\/wp-json\/wp\/v2\/comments?post=3680"}],"version-history":[{"count":5,"href":"https:\/\/www.sudoestehoje.com.br\/novoportal\/wp-json\/wp\/v2\/posts\/3680\/revisions"}],"predecessor-version":[{"id":3683,"href":"https:\/\/www.sudoestehoje.com.br\/novoportal\/wp-json\/wp\/v2\/posts\/3680\/revisions\/3683"}],"wp:attachment":[{"href":"https:\/\/www.sudoestehoje.com.br\/novoportal\/wp-json\/wp\/v2\/media?parent=3680"}],"wp:term":[{"taxonomy":"category","embeddable":true,"href":"https:\/\/www.sudoestehoje.com.br\/novoportal\/wp-json\/wp\/v2\/categories?post=3680"},{"taxonomy":"post_tag","embeddable":true,"href":"https:\/\/www.sudoestehoje.com.br\/novoportal\/wp-json\/wp\/v2\/tags?post=3680"}],"curies":[{"name":"wp","href":"https:\/\/api.w.org\/{rel}","templated":true}]}}