
{"id":36773,"date":"2014-05-09T16:50:31","date_gmt":"2014-05-09T19:50:31","guid":{"rendered":"http:\/\/www.sudoestehoje.com.br\/novoportal\/?p=36773"},"modified":"2014-05-09T17:33:12","modified_gmt":"2014-05-09T20:33:12","slug":"itapetinga-servidores-municipais-fazem-protesto-e-decretam-paralisacao-por-tempo-indeterminado","status":"publish","type":"post","link":"https:\/\/www.sudoestehoje.com.br\/novoportal\/2014\/05\/09\/itapetinga-servidores-municipais-fazem-protesto-e-decretam-paralisacao-por-tempo-indeterminado\/","title":{"rendered":"ITAPETINGA: SERVIDORES MUNICIPAIS FAZEM PROTESTO E DECRETAM PARALISA\u00c7\u00c3O POR TEMPO INDETERMINADO"},"content":{"rendered":"<p><a href=\"http:\/\/www.sudoestehoje.com.br\/novoportal\/wp-content\/uploads\/2014\/05\/servidores-municipais.jpg\"><img loading=\"lazy\" decoding=\"async\" class=\"aligncenter size-medium wp-image-36775\" alt=\"servidores municipais\" src=\"http:\/\/www.sudoestehoje.com.br\/novoportal\/wp-content\/uploads\/2014\/05\/servidores-municipais-500x336.jpg\" width=\"500\" height=\"336\" srcset=\"https:\/\/www.sudoestehoje.com.br\/novoportal\/wp-content\/uploads\/2014\/05\/servidores-municipais-500x336.jpg 500w, https:\/\/www.sudoestehoje.com.br\/novoportal\/wp-content\/uploads\/2014\/05\/servidores-municipais.jpg 660w\" sizes=\"auto, (max-width: 500px) 100vw, 500px\" \/><\/a><\/p>\n<p>Na manh\u00e3 desta sexta-feira (9), os servidores municipais de Itapetinga realizaram uma Assembleia Geral e manifesta\u00e7\u00e3o em frente \u00e0 Prefeitura Municipal, em protesto contra as p\u00e9ssimas condi\u00e7\u00f5es de trabalho, perdas salariais e outras demandas trabalhistas que n\u00e3o v\u00eam sendo cumpridas pela administra\u00e7\u00e3o do prefeito Z\u00e9 Carlos (PT).<\/p>\n<p><img decoding=\"async\" class=\"aligncenter\" alt=\"\" src=\"https:\/\/fbcdn-sphotos-c-a.akamaihd.net\/hphotos-ak-frc3\/t1.0-9\/10345932_646704658715999_8303500791803759825_n.jpg\" width=\"500\" \/><\/p>\n<p>Com carros de som, faixas, apitos e cartazes, os servidores filiados ao SINDITATIBA (CUT) \u00a0desfilaram pelas ruas centrais da cidade, levando as suas reivindica\u00e7\u00f5es ao conhecimento p\u00fablico, decretando, de logo, uma paralisa\u00e7\u00e3o por tempo indeterminado.<\/p>\n<p><img decoding=\"async\" class=\"aligncenter\" alt=\"\" src=\"https:\/\/scontent-a-mia.xx.fbcdn.net\/hphotos-prn2\/t1.0-9\/10342835_646708062048992_6902561608284447757_n.jpg\" width=\"500\" \/><\/p>\n<p>Em entrevista ao blog Itapetinga Rep\u00f3rter, a presidente Rita Adriana, do\u00a0Sindicato Intermunicipal dos Servidores P\u00fablicos Municipais de Itapetinga e Regi\u00e3o (Sinditatiba), declarou:<strong><em>\u00a0<\/em><\/strong><em>\u201cEssa paralisa\u00e7\u00e3o \u00e9 por causa da falta de respeito do gestor. Fizemos v\u00e1rias solicita\u00e7\u00f5es, mas ele n\u00e3o tem atendido, n\u00e3o tem sequer dado resposta ao trabalhador, fazendo o trabalhador de palha\u00e7o. A partir de hoje chega, demos um basta, estamos parando por tempo indeterminado. Segunda-feira todos os \u00f3rg\u00e3os p\u00fablicos v\u00e3o est\u00e1 paralisados. Queremos o respeito do prefeito\u201d<\/em>, disse exaltada a sindicalista.<\/p>\n<p style=\"text-align: center;\"><img decoding=\"async\" class=\"aligncenter\" alt=\"Foto\" src=\"https:\/\/scontent-b-mia.xx.fbcdn.net\/hphotos-prn2\/t1.0-9\/s526x296\/10308168_646707142049084_7029539751178167839_n.jpg\" width=\"500\" \/><\/p>\n<p>Os servidores efetivos do munic\u00edpio prometem aderir \u00e0 paralisa\u00e7\u00e3o, restando apenas os contratados e ocupantes dos cargos de confian\u00e7a, que ter\u00e3o agora de &#8216;carregar o piano&#8217;, enquanto a greve perdurar. Ser\u00e1 que aguentam?<\/p>\n<p><strong><em>Por Davi Ferraz<\/em><\/strong><\/p>\n<p style=\"text-align: center;\">\u00a0<a href=\"http:\/\/www.sudoestehoje.com.br\/novoportal\/wp-content\/uploads\/2014\/05\/SERVLAR-BANNER.jpg\"><img loading=\"lazy\" decoding=\"async\" class=\"aligncenter  wp-image-36725\" alt=\"SERVLAR BANNER\" src=\"http:\/\/www.sudoestehoje.com.br\/novoportal\/wp-content\/uploads\/2014\/05\/SERVLAR-BANNER.jpg\" width=\"530\" height=\"178\" \/><\/a><\/p>\n","protected":false},"excerpt":{"rendered":"<p>Na manh\u00e3 desta sexta-feira (9), os servidores municipais de Itapetinga realizaram uma Assembleia Geral e manifesta\u00e7\u00e3o em frente \u00e0 Prefeitura Municipal, em protesto contra as p\u00e9ssimas condi\u00e7\u00f5es de trabalho, perdas salariais e outras demandas trabalhistas que n\u00e3o v\u00eam sendo cumpridas pela administra\u00e7\u00e3o do prefeito Z\u00e9 Carlos (PT). Com carros de som, faixas, apitos e cartazes, [&hellip;]<\/p>\n","protected":false},"author":2,"featured_media":0,"comment_status":"open","ping_status":"open","sticky":false,"template":"","format":"standard","meta":{"footnotes":"","_links_to":"","_links_to_target":""},"categories":[1],"tags":[],"class_list":["post-36773","post","type-post","status-publish","format-standard","hentry","category-geral"],"views":1420,"_links":{"self":[{"href":"https:\/\/www.sudoestehoje.com.br\/novoportal\/wp-json\/wp\/v2\/posts\/36773","targetHints":{"allow":["GET"]}}],"collection":[{"href":"https:\/\/www.sudoestehoje.com.br\/novoportal\/wp-json\/wp\/v2\/posts"}],"about":[{"href":"https:\/\/www.sudoestehoje.com.br\/novoportal\/wp-json\/wp\/v2\/types\/post"}],"author":[{"embeddable":true,"href":"https:\/\/www.sudoestehoje.com.br\/novoportal\/wp-json\/wp\/v2\/users\/2"}],"replies":[{"embeddable":true,"href":"https:\/\/www.sudoestehoje.com.br\/novoportal\/wp-json\/wp\/v2\/comments?post=36773"}],"version-history":[{"count":7,"href":"https:\/\/www.sudoestehoje.com.br\/novoportal\/wp-json\/wp\/v2\/posts\/36773\/revisions"}],"predecessor-version":[{"id":36781,"href":"https:\/\/www.sudoestehoje.com.br\/novoportal\/wp-json\/wp\/v2\/posts\/36773\/revisions\/36781"}],"wp:attachment":[{"href":"https:\/\/www.sudoestehoje.com.br\/novoportal\/wp-json\/wp\/v2\/media?parent=36773"}],"wp:term":[{"taxonomy":"category","embeddable":true,"href":"https:\/\/www.sudoestehoje.com.br\/novoportal\/wp-json\/wp\/v2\/categories?post=36773"},{"taxonomy":"post_tag","embeddable":true,"href":"https:\/\/www.sudoestehoje.com.br\/novoportal\/wp-json\/wp\/v2\/tags?post=36773"}],"curies":[{"name":"wp","href":"https:\/\/api.w.org\/{rel}","templated":true}]}}