
{"id":36770,"date":"2014-05-09T16:14:02","date_gmt":"2014-05-09T19:14:02","guid":{"rendered":"http:\/\/www.sudoestehoje.com.br\/novoportal\/?p=36770"},"modified":"2014-05-09T16:14:02","modified_gmt":"2014-05-09T19:14:02","slug":"barbosa-nega-pedido-de-dirceu-para-trabalhar-fora-da-prisao","status":"publish","type":"post","link":"https:\/\/www.sudoestehoje.com.br\/novoportal\/2014\/05\/09\/barbosa-nega-pedido-de-dirceu-para-trabalhar-fora-da-prisao\/","title":{"rendered":"BARBOSA NEGA PEDIDO DE DIRCEU PARA TRABALHAR FORA DA PRIS\u00c3O"},"content":{"rendered":"<p><a href=\"http:\/\/www.sudoestehoje.com.br\/novoportal\/wp-content\/uploads\/2014\/05\/dirceu-pt.jpg\"><img loading=\"lazy\" decoding=\"async\" class=\"aligncenter size-medium wp-image-36771\" alt=\"dirceu-pt\" src=\"http:\/\/www.sudoestehoje.com.br\/novoportal\/wp-content\/uploads\/2014\/05\/dirceu-pt-500x332.jpg\" width=\"500\" height=\"332\" srcset=\"https:\/\/www.sudoestehoje.com.br\/novoportal\/wp-content\/uploads\/2014\/05\/dirceu-pt-500x332.jpg 500w, https:\/\/www.sudoestehoje.com.br\/novoportal\/wp-content\/uploads\/2014\/05\/dirceu-pt.jpg 620w\" sizes=\"auto, (max-width: 500px) 100vw, 500px\" \/><\/a><\/p>\n<p>O presidente do Supremo Tribunal Federal (STF), Joaquim Barbosa, negou hoje (9) o pedido feito pelo ex-ministro da Casa Civil Jos\u00e9 Dirceu, de deixar o Pres\u00eddio da Papuda (DF) durante o dia, para trabalhar em escrit\u00f3rio de advocacia em Bras\u00edlia.<\/p>\n<p>Barbosa entendeu que Dirceu n\u00e3o pode trabalhar fora do pres\u00eddio por n\u00e3o ter cumprido um sexto da pena de sete anos e 11 meses de pris\u00e3o em regime semiaberto, definida na A\u00e7\u00e3o Penal 470, o processo do mensal\u00e3o.<\/p>\n","protected":false},"excerpt":{"rendered":"<p>O presidente do Supremo Tribunal Federal (STF), Joaquim Barbosa, negou hoje (9) o pedido feito pelo ex-ministro da Casa Civil Jos\u00e9 Dirceu, de deixar o Pres\u00eddio da Papuda (DF) durante o dia, para trabalhar em escrit\u00f3rio de advocacia em Bras\u00edlia. Barbosa entendeu que Dirceu n\u00e3o pode trabalhar fora do pres\u00eddio por n\u00e3o ter cumprido um [&hellip;]<\/p>\n","protected":false},"author":2,"featured_media":0,"comment_status":"open","ping_status":"open","sticky":false,"template":"","format":"standard","meta":{"footnotes":"","_links_to":"","_links_to_target":""},"categories":[1],"tags":[],"class_list":["post-36770","post","type-post","status-publish","format-standard","hentry","category-geral"],"views":1305,"_links":{"self":[{"href":"https:\/\/www.sudoestehoje.com.br\/novoportal\/wp-json\/wp\/v2\/posts\/36770","targetHints":{"allow":["GET"]}}],"collection":[{"href":"https:\/\/www.sudoestehoje.com.br\/novoportal\/wp-json\/wp\/v2\/posts"}],"about":[{"href":"https:\/\/www.sudoestehoje.com.br\/novoportal\/wp-json\/wp\/v2\/types\/post"}],"author":[{"embeddable":true,"href":"https:\/\/www.sudoestehoje.com.br\/novoportal\/wp-json\/wp\/v2\/users\/2"}],"replies":[{"embeddable":true,"href":"https:\/\/www.sudoestehoje.com.br\/novoportal\/wp-json\/wp\/v2\/comments?post=36770"}],"version-history":[{"count":1,"href":"https:\/\/www.sudoestehoje.com.br\/novoportal\/wp-json\/wp\/v2\/posts\/36770\/revisions"}],"predecessor-version":[{"id":36772,"href":"https:\/\/www.sudoestehoje.com.br\/novoportal\/wp-json\/wp\/v2\/posts\/36770\/revisions\/36772"}],"wp:attachment":[{"href":"https:\/\/www.sudoestehoje.com.br\/novoportal\/wp-json\/wp\/v2\/media?parent=36770"}],"wp:term":[{"taxonomy":"category","embeddable":true,"href":"https:\/\/www.sudoestehoje.com.br\/novoportal\/wp-json\/wp\/v2\/categories?post=36770"},{"taxonomy":"post_tag","embeddable":true,"href":"https:\/\/www.sudoestehoje.com.br\/novoportal\/wp-json\/wp\/v2\/tags?post=36770"}],"curies":[{"name":"wp","href":"https:\/\/api.w.org\/{rel}","templated":true}]}}