
{"id":36720,"date":"2014-05-08T23:21:15","date_gmt":"2014-05-09T02:21:15","guid":{"rendered":"http:\/\/www.sudoestehoje.com.br\/novoportal\/?p=36720"},"modified":"2014-05-08T23:25:07","modified_gmt":"2014-05-09T02:25:07","slug":"estado-de-saude-de-prisco-e-grave","status":"publish","type":"post","link":"https:\/\/www.sudoestehoje.com.br\/novoportal\/2014\/05\/08\/estado-de-saude-de-prisco-e-grave\/","title":{"rendered":"ESTADO DE SA\u00daDE DE PRISCO \u00c9 GRAVE"},"content":{"rendered":"<p><a href=\"http:\/\/www.sudoestehoje.com.br\/novoportal\/wp-content\/uploads\/2014\/05\/prisco.jpg\"><img loading=\"lazy\" decoding=\"async\" class=\"aligncenter size-full wp-image-36721\" alt=\"prisco\" src=\"http:\/\/www.sudoestehoje.com.br\/novoportal\/wp-content\/uploads\/2014\/05\/prisco.jpg\" width=\"460\" height=\"305\" \/><\/a><\/p>\n<p>\u00c9 grave o estado de sa\u00fade do vereador e coordenador-geral da Aspra (Associa\u00e7\u00e3o de Policiais e Bombeiros e de seus Familiares no Estado da Bahia), Marco Prisco, l\u00edder de movimentos grevistas da Pol\u00edcia Militar da Bahia. A informa\u00e7\u00e3o foi confirmada pela Secretaria de Sa\u00fade do Distrito Federal, nesta quarta-feira (7).<\/p>\n<p>De acordo com boletim m\u00e9dico, divulgado hoje, Prisco passou por exame de cintilografia e seu estado \u00e9 grave, por\u00e9m, est\u00e1vel.\u00a0Segundo a Aspra, o vereador foi encaminhado \u00e0 UTI (Unidade de Terapia Intensiva), na tarde desta quarta-feira (7), para ser submetido a cateterismo.<\/p>\n<p>O coordenador-geral da Aspra passou mal no in\u00edcio da noite de s\u00e1bado (3), ap\u00f3s tentativa frustrada de fuga de internos do pres\u00eddio federal da Papuda, em Bras\u00edlia, segundo a associa\u00e7\u00e3o. Prisco foi amea\u00e7ado de morte pelos internos que o acusaram de ser &#8220;informante&#8221; e sentiu fortes dores no peito.<\/p>\n<p>De acordo com o advogado Leonardo Mascarenhas, o vereador foi socorrido inicialmente para a UPA (Unidade de Pronto-Atendimento), S\u00e3o Sebasti\u00e3o, mas a m\u00e9dica plantonista informou que a unidade n\u00e3o tinha condi\u00e7\u00f5es de atend\u00ea-lo de forma adequada, pois estava sendo tratado como v\u00edtima de infarto.<\/p>\n<p>O vereador foi encaminhado para o HRAN (Hospital Regional da Asa Norte) e transferido para o Hospital de Base no domingo (4). Na unidade hospitalar foi descartada a hip\u00f3tese de infarto. Portal R7<\/p>\n<p style=\"text-align: center;\"><a href=\"http:\/\/www.sudoestehoje.com.br\/novoportal\/wp-content\/uploads\/2014\/05\/SERVLAR-BANNER.jpg\"><img decoding=\"async\" class=\"aligncenter  wp-image-36725\" alt=\"SERVLAR BANNER\" src=\"http:\/\/www.sudoestehoje.com.br\/novoportal\/wp-content\/uploads\/2014\/05\/SERVLAR-BANNER.jpg\" width=\"530\" \/><\/a><\/p>\n","protected":false},"excerpt":{"rendered":"<p>\u00c9 grave o estado de sa\u00fade do vereador e coordenador-geral da Aspra (Associa\u00e7\u00e3o de Policiais e Bombeiros e de seus Familiares no Estado da Bahia), Marco Prisco, l\u00edder de movimentos grevistas da Pol\u00edcia Militar da Bahia. A informa\u00e7\u00e3o foi confirmada pela Secretaria de Sa\u00fade do Distrito Federal, nesta quarta-feira (7). De acordo com boletim m\u00e9dico, [&hellip;]<\/p>\n","protected":false},"author":2,"featured_media":0,"comment_status":"open","ping_status":"open","sticky":false,"template":"","format":"standard","meta":{"footnotes":"","_links_to":"","_links_to_target":""},"categories":[1],"tags":[],"class_list":["post-36720","post","type-post","status-publish","format-standard","hentry","category-geral"],"views":1170,"_links":{"self":[{"href":"https:\/\/www.sudoestehoje.com.br\/novoportal\/wp-json\/wp\/v2\/posts\/36720","targetHints":{"allow":["GET"]}}],"collection":[{"href":"https:\/\/www.sudoestehoje.com.br\/novoportal\/wp-json\/wp\/v2\/posts"}],"about":[{"href":"https:\/\/www.sudoestehoje.com.br\/novoportal\/wp-json\/wp\/v2\/types\/post"}],"author":[{"embeddable":true,"href":"https:\/\/www.sudoestehoje.com.br\/novoportal\/wp-json\/wp\/v2\/users\/2"}],"replies":[{"embeddable":true,"href":"https:\/\/www.sudoestehoje.com.br\/novoportal\/wp-json\/wp\/v2\/comments?post=36720"}],"version-history":[{"count":4,"href":"https:\/\/www.sudoestehoje.com.br\/novoportal\/wp-json\/wp\/v2\/posts\/36720\/revisions"}],"predecessor-version":[{"id":36726,"href":"https:\/\/www.sudoestehoje.com.br\/novoportal\/wp-json\/wp\/v2\/posts\/36720\/revisions\/36726"}],"wp:attachment":[{"href":"https:\/\/www.sudoestehoje.com.br\/novoportal\/wp-json\/wp\/v2\/media?parent=36720"}],"wp:term":[{"taxonomy":"category","embeddable":true,"href":"https:\/\/www.sudoestehoje.com.br\/novoportal\/wp-json\/wp\/v2\/categories?post=36720"},{"taxonomy":"post_tag","embeddable":true,"href":"https:\/\/www.sudoestehoje.com.br\/novoportal\/wp-json\/wp\/v2\/tags?post=36720"}],"curies":[{"name":"wp","href":"https:\/\/api.w.org\/{rel}","templated":true}]}}