
{"id":36708,"date":"2014-05-08T18:10:55","date_gmt":"2014-05-08T21:10:55","guid":{"rendered":"http:\/\/www.sudoestehoje.com.br\/novoportal\/?p=36708"},"modified":"2014-05-08T18:17:48","modified_gmt":"2014-05-08T21:17:48","slug":"alfredo-cabral-reclama-das-ruas-esburacadas-e-intransitaveis","status":"publish","type":"post","link":"https:\/\/www.sudoestehoje.com.br\/novoportal\/2014\/05\/08\/alfredo-cabral-reclama-das-ruas-esburacadas-e-intransitaveis\/","title":{"rendered":"ALFREDO CABRAL RECLAMA DAS RUAS ESBURACADAS E INTRANSIT\u00c1VEIS"},"content":{"rendered":"<p><img decoding=\"async\" class=\"aligncenter\" alt=\"\" src=\"http:\/\/3.bp.blogspot.com\/-GnCgNP6U09U\/UQfD5CboZCI\/AAAAAAAABrg\/zr5PJxN_OV4\/s1600\/GEDC5015.JPG\" width=\"500\" \/> Quem est\u00e1 de bronca com a falta de conserva\u00e7\u00e3o das vias p\u00fablicas nos bairros perif\u00e9ricos da cidade \u00e9 o vereador Alfredo Cabral (PSD), que denunciou o descaso da prefeitura na sess\u00e3o legislativa desta quarta-feira. Segundo o vereador, diversas ruas est\u00e3o intransit\u00e1veis, o que dificulta o tr\u00e1fego de ve\u00edculos, inclusive das viaturas policiais e Samu 192, no atendimento de ocorr\u00eancias.<\/p>\n<p style=\"text-align: center;\"><a href=\"http:\/\/www.sudoestehoje.com.br\/novoportal\/wp-content\/uploads\/2014\/05\/ALFREDO-C.png\"><img decoding=\"async\" class=\"aligncenter  wp-image-36710\" alt=\"ALFREDO-C\" src=\"http:\/\/www.sudoestehoje.com.br\/novoportal\/wp-content\/uploads\/2014\/05\/ALFREDO-C.png\" width=\"500\" \/><\/a><\/p>\n<p>O abandono das ruas \u00e9 injustific\u00e1vel, visto que o munic\u00edpio vem recebendo diversas m\u00e1quinas doadas pelo Governo Federal, que s\u00f3 serviram, at\u00e9 agora, como instrumento de propaganda da prefeitura. At\u00e9 mesmo os carros de coleta de lixo da empresa que mant\u00e9m parceria com a prefeitura, n\u00e3o conseguem trafegar em in\u00fameras ruas da cidade, em fun\u00e7\u00e3o da buraqueira. O vereador Alfredo est\u00e1 coberto de raz\u00e3o e a prefeitura precisa dar um jeito nisto, com urg\u00eancia. <strong><em>Por Davi Ferraz<\/em><\/strong><\/p>\n<p style=\"text-align: center;\"><a href=\"http:\/\/www.sudoestehoje.com.br\/novoportal\/wp-content\/uploads\/2014\/05\/\u00d3TICA-ITAPUAN-BANNER.jpg\"><img loading=\"lazy\" decoding=\"async\" class=\"aligncenter  wp-image-36716\" alt=\"\u00d3TICA ITAPUAN BANNER\" src=\"http:\/\/www.sudoestehoje.com.br\/novoportal\/wp-content\/uploads\/2014\/05\/\u00d3TICA-ITAPUAN-BANNER.jpg\" width=\"520\" height=\"179\" \/><\/a><\/p>\n","protected":false},"excerpt":{"rendered":"<p>Quem est\u00e1 de bronca com a falta de conserva\u00e7\u00e3o das vias p\u00fablicas nos bairros perif\u00e9ricos da cidade \u00e9 o vereador Alfredo Cabral (PSD), que denunciou o descaso da prefeitura na sess\u00e3o legislativa desta quarta-feira. Segundo o vereador, diversas ruas est\u00e3o intransit\u00e1veis, o que dificulta o tr\u00e1fego de ve\u00edculos, inclusive das viaturas policiais e Samu 192, [&hellip;]<\/p>\n","protected":false},"author":2,"featured_media":0,"comment_status":"open","ping_status":"open","sticky":false,"template":"","format":"standard","meta":{"footnotes":"","_links_to":"","_links_to_target":""},"categories":[1],"tags":[],"class_list":["post-36708","post","type-post","status-publish","format-standard","hentry","category-geral"],"views":1386,"_links":{"self":[{"href":"https:\/\/www.sudoestehoje.com.br\/novoportal\/wp-json\/wp\/v2\/posts\/36708","targetHints":{"allow":["GET"]}}],"collection":[{"href":"https:\/\/www.sudoestehoje.com.br\/novoportal\/wp-json\/wp\/v2\/posts"}],"about":[{"href":"https:\/\/www.sudoestehoje.com.br\/novoportal\/wp-json\/wp\/v2\/types\/post"}],"author":[{"embeddable":true,"href":"https:\/\/www.sudoestehoje.com.br\/novoportal\/wp-json\/wp\/v2\/users\/2"}],"replies":[{"embeddable":true,"href":"https:\/\/www.sudoestehoje.com.br\/novoportal\/wp-json\/wp\/v2\/comments?post=36708"}],"version-history":[{"count":4,"href":"https:\/\/www.sudoestehoje.com.br\/novoportal\/wp-json\/wp\/v2\/posts\/36708\/revisions"}],"predecessor-version":[{"id":36717,"href":"https:\/\/www.sudoestehoje.com.br\/novoportal\/wp-json\/wp\/v2\/posts\/36708\/revisions\/36717"}],"wp:attachment":[{"href":"https:\/\/www.sudoestehoje.com.br\/novoportal\/wp-json\/wp\/v2\/media?parent=36708"}],"wp:term":[{"taxonomy":"category","embeddable":true,"href":"https:\/\/www.sudoestehoje.com.br\/novoportal\/wp-json\/wp\/v2\/categories?post=36708"},{"taxonomy":"post_tag","embeddable":true,"href":"https:\/\/www.sudoestehoje.com.br\/novoportal\/wp-json\/wp\/v2\/tags?post=36708"}],"curies":[{"name":"wp","href":"https:\/\/api.w.org\/{rel}","templated":true}]}}