
{"id":3670,"date":"2011-03-01T09:53:34","date_gmt":"2011-03-01T12:53:34","guid":{"rendered":"http:\/\/www.sudoestehoje.com.br\/novoportal\/?p=3670"},"modified":"2011-03-01T09:53:34","modified_gmt":"2011-03-01T12:53:34","slug":"itapetinga-limpeza-publica-virou-tarefa-de-urubu","status":"publish","type":"post","link":"https:\/\/www.sudoestehoje.com.br\/novoportal\/2011\/03\/01\/itapetinga-limpeza-publica-virou-tarefa-de-urubu\/","title":{"rendered":"ITAPETINGA: LIMPEZA P\u00daBLICA VIROU TAREFA DE URUBU"},"content":{"rendered":"<p style=\"text-align: center;\"><a href=\"http:\/\/www.sudoestehoje.com.br\/novoportal\/wp-content\/uploads\/2011\/03\/100_4937.jpg\"><img loading=\"lazy\" decoding=\"async\" class=\"size-medium wp-image-3671  aligncenter\" title=\"100_4937\" src=\"http:\/\/www.sudoestehoje.com.br\/novoportal\/wp-content\/uploads\/2011\/03\/100_4937-500x375.jpg\" alt=\"\" width=\"500\" height=\"375\" srcset=\"https:\/\/www.sudoestehoje.com.br\/novoportal\/wp-content\/uploads\/2011\/03\/100_4937-500x375.jpg 500w, https:\/\/www.sudoestehoje.com.br\/novoportal\/wp-content\/uploads\/2011\/03\/100_4937-1024x768.jpg 1024w\" sizes=\"auto, (max-width: 500px) 100vw, 500px\" \/><\/a><\/p>\n<p style=\"text-align: center;\"><em><strong>&#8216;Festa dos urubus&#8217; na pracinha da Bela Vista, nesta segunda-feira (28)<\/strong><\/em><\/p>\n<p>\u00a0<\/p>\n<p>ITAPETINGA: Apesar da equipe de limpeza p\u00fablica da prefeitura sustentar, a todo custo, que houve melhora na coleta de lixo da cidade, isto n\u00e3o vem sendo notado pela popula\u00e7\u00e3o. Os atrasos na coleta\u00a0s\u00e3o constantes, devido \u00e0 total inefici\u00eancia da empresa terceirizada que deveria prestar\u00a0esse servi\u00e7o, mas n\u00e3o o faz dignamente.<\/p>\n<p style=\"text-align: center;\"><a href=\"http:\/\/www.sudoestehoje.com.br\/novoportal\/wp-content\/uploads\/2011\/03\/100_4941.jpg\"><img loading=\"lazy\" decoding=\"async\" class=\"size-medium wp-image-3672  aligncenter\" title=\"100_4941\" src=\"http:\/\/www.sudoestehoje.com.br\/novoportal\/wp-content\/uploads\/2011\/03\/100_4941-500x375.jpg\" alt=\"\" width=\"500\" height=\"375\" srcset=\"https:\/\/www.sudoestehoje.com.br\/novoportal\/wp-content\/uploads\/2011\/03\/100_4941-500x375.jpg 500w, https:\/\/www.sudoestehoje.com.br\/novoportal\/wp-content\/uploads\/2011\/03\/100_4941-1024x768.jpg 1024w\" sizes=\"auto, (max-width: 500px) 100vw, 500px\" \/><\/a><\/p>\n<p style=\"text-align: center;\"><em><strong>Urubus continuam sendo os principais &#8216;encarregados&#8217; da limpeza<\/strong><\/em><\/p>\n<p>A raiz do problema \u00e9 o sistema de coleta que foi adotado, no qual os sacos de lixo\u00a0s\u00e3o entulhados em todas as esquinas e pra\u00e7as da cidade, proporcionando um cen\u00e1rio\u00a0macabro e imundo,\u00a0com\u00a0c\u00e3es, porcos e urubus\u00a0disputando os restos apodrecidos de lixo domicilar e at\u00e9 hospitalar.<\/p>\n<p style=\"text-align: center;\"><a href=\"http:\/\/www.sudoestehoje.com.br\/novoportal\/wp-content\/uploads\/2011\/03\/100_4938.jpg\"><img loading=\"lazy\" decoding=\"async\" class=\"size-medium wp-image-3673  aligncenter\" title=\"100_4938\" src=\"http:\/\/www.sudoestehoje.com.br\/novoportal\/wp-content\/uploads\/2011\/03\/100_4938-500x375.jpg\" alt=\"\" width=\"500\" height=\"375\" srcset=\"https:\/\/www.sudoestehoje.com.br\/novoportal\/wp-content\/uploads\/2011\/03\/100_4938-500x375.jpg 500w, https:\/\/www.sudoestehoje.com.br\/novoportal\/wp-content\/uploads\/2011\/03\/100_4938-1024x768.jpg 1024w\" sizes=\"auto, (max-width: 500px) 100vw, 500px\" \/><\/a><\/p>\n<p style=\"text-align: center;\"><em><strong>Sujeira no centro, a pouco mais de 100 metros da prefeitura<\/strong><\/em><\/p>\n<p>A inefici\u00eancia na coleta de lixo na cidade\u00a0desgasta profundamente a imagem da administra\u00e7\u00e3o municipal, que insiste em manter contrato com uma empresa de quinta\u00a0 categoria, que n\u00e3o possui\u00a0um s\u00f3\u00a0ve\u00edculo em condi\u00e7\u00f5es de efetuar o servi\u00e7o contratado, tendo que se valer, muitas vezes, dos &#8216;favores&#8217; da prefeitura de Itoror\u00f3, que vive &#8217;emprestando&#8217;\u00a0seus caminh\u00f5es compactadores, para coletar lixo em Itapetinga.<\/p>\n<p>Isto \u00e9 vergonhoso e ilegal!<\/p>\n<p><strong><em>Por DAVI FERRAZ<\/em><\/strong><\/p>\n","protected":false},"excerpt":{"rendered":"<p>&#8216;Festa dos urubus&#8217; na pracinha da Bela Vista, nesta segunda-feira (28) \u00a0 ITAPETINGA: Apesar da equipe de limpeza p\u00fablica da prefeitura sustentar, a todo custo, que houve melhora na coleta de lixo da cidade, isto n\u00e3o vem sendo notado pela popula\u00e7\u00e3o. Os atrasos na coleta\u00a0s\u00e3o constantes, devido \u00e0 total inefici\u00eancia da empresa terceirizada que deveria [&hellip;]<\/p>\n","protected":false},"author":2,"featured_media":0,"comment_status":"open","ping_status":"open","sticky":false,"template":"","format":"standard","meta":{"footnotes":"","_links_to":"","_links_to_target":""},"categories":[1],"tags":[],"class_list":["post-3670","post","type-post","status-publish","format-standard","hentry","category-geral"],"views":3285,"_links":{"self":[{"href":"https:\/\/www.sudoestehoje.com.br\/novoportal\/wp-json\/wp\/v2\/posts\/3670","targetHints":{"allow":["GET"]}}],"collection":[{"href":"https:\/\/www.sudoestehoje.com.br\/novoportal\/wp-json\/wp\/v2\/posts"}],"about":[{"href":"https:\/\/www.sudoestehoje.com.br\/novoportal\/wp-json\/wp\/v2\/types\/post"}],"author":[{"embeddable":true,"href":"https:\/\/www.sudoestehoje.com.br\/novoportal\/wp-json\/wp\/v2\/users\/2"}],"replies":[{"embeddable":true,"href":"https:\/\/www.sudoestehoje.com.br\/novoportal\/wp-json\/wp\/v2\/comments?post=3670"}],"version-history":[{"count":3,"href":"https:\/\/www.sudoestehoje.com.br\/novoportal\/wp-json\/wp\/v2\/posts\/3670\/revisions"}],"predecessor-version":[{"id":3676,"href":"https:\/\/www.sudoestehoje.com.br\/novoportal\/wp-json\/wp\/v2\/posts\/3670\/revisions\/3676"}],"wp:attachment":[{"href":"https:\/\/www.sudoestehoje.com.br\/novoportal\/wp-json\/wp\/v2\/media?parent=3670"}],"wp:term":[{"taxonomy":"category","embeddable":true,"href":"https:\/\/www.sudoestehoje.com.br\/novoportal\/wp-json\/wp\/v2\/categories?post=3670"},{"taxonomy":"post_tag","embeddable":true,"href":"https:\/\/www.sudoestehoje.com.br\/novoportal\/wp-json\/wp\/v2\/tags?post=3670"}],"curies":[{"name":"wp","href":"https:\/\/api.w.org\/{rel}","templated":true}]}}