
{"id":36694,"date":"2014-05-08T12:59:24","date_gmt":"2014-05-08T15:59:24","guid":{"rendered":"http:\/\/www.sudoestehoje.com.br\/novoportal\/?p=36694"},"modified":"2014-05-08T12:59:24","modified_gmt":"2014-05-08T15:59:24","slug":"morre-em-sao-paulo-aos-75-anos-o-cantor-jair-rodrigues","status":"publish","type":"post","link":"https:\/\/www.sudoestehoje.com.br\/novoportal\/2014\/05\/08\/morre-em-sao-paulo-aos-75-anos-o-cantor-jair-rodrigues\/","title":{"rendered":"MORRE EM S\u00c3O PAULO, AOS 75 ANOS, O CANTOR JAIR RODRIGUES"},"content":{"rendered":"<div id=\"attachment_36695\" style=\"width: 510px\" class=\"wp-caption aligncenter\"><a href=\"http:\/\/www.sudoestehoje.com.br\/novoportal\/wp-content\/uploads\/2014\/05\/Jair-Rodrigues-canta-Disparada.jpg\"><img decoding=\"async\" aria-describedby=\"caption-attachment-36695\" class=\" wp-image-36695 \" alt=\"Jair Rodrigues interpretando 'Disparada', no Festival \" src=\"http:\/\/www.sudoestehoje.com.br\/novoportal\/wp-content\/uploads\/2014\/05\/Jair-Rodrigues-canta-Disparada.jpg\" width=\"500\" \/><\/a><p id=\"caption-attachment-36695\" class=\"wp-caption-text\">Cantor Jair Rodrigues interpretando \u00a0&#8216;Disparada&#8217; no Festival da \u00a0TV Record, em 1966.<\/p><\/div>\n<p>O cantor Jair Rodrigues morreu na manh\u00e3 desta quinta (8), aos 75 anos, em sua casa em Cotia (Grande S\u00e3o Paulo). Ele deixa a mulher, dois filhos e quatro netos.\u00a0Segundo a assessoria da JRC Produ\u00e7\u00f5es, empresa do m\u00fasico, ele morreu por volta das 9h30 na sauna da casa onde vivia. A causa da morte ainda n\u00e3o foi divulgada.<\/p>\n<p>Pai dos m\u00fasicos Luciana Mello e Jair Oliveira, ele come\u00e7ou sua carreira como crooner nos anos 1950.\u00a0Na d\u00e9cada de 1960, fez sucesso na televis\u00e3o como apresentador do programa &#8220;Fino da Bossa&#8221;, ao lado de Elis Regina.<\/p>\n<p>O cantor ainda ficou imortalizado como o int\u00e9rprete da can\u00e7\u00e3o composta por Geraldo Vandr\u00e9 &#8220;Disparada&#8221;, que venceu o Festival da Can\u00e7\u00e3o de 1966, empatado com &#8220;A Banda&#8221;, de Chico Buarque.<\/p>\n<p><iframe loading=\"lazy\" title=\"DiSpArAdA  jAiR rOdRiGuEs\" width=\"500\" height=\"375\" src=\"https:\/\/www.youtube.com\/embed\/82dRs2z6iQs?feature=oembed\" frameborder=\"0\" allow=\"accelerometer; autoplay; clipboard-write; encrypted-media; gyroscope; picture-in-picture; web-share\" referrerpolicy=\"strict-origin-when-cross-origin\" allowfullscreen><\/iframe><\/p>\n","protected":false},"excerpt":{"rendered":"<p>O cantor Jair Rodrigues morreu na manh\u00e3 desta quinta (8), aos 75 anos, em sua casa em Cotia (Grande S\u00e3o Paulo). Ele deixa a mulher, dois filhos e quatro netos.\u00a0Segundo a assessoria da JRC Produ\u00e7\u00f5es, empresa do m\u00fasico, ele morreu por volta das 9h30 na sauna da casa onde vivia. A causa da morte ainda [&hellip;]<\/p>\n","protected":false},"author":2,"featured_media":0,"comment_status":"open","ping_status":"open","sticky":false,"template":"","format":"standard","meta":{"footnotes":"","_links_to":"","_links_to_target":""},"categories":[1],"tags":[],"class_list":["post-36694","post","type-post","status-publish","format-standard","hentry","category-geral"],"views":1359,"_links":{"self":[{"href":"https:\/\/www.sudoestehoje.com.br\/novoportal\/wp-json\/wp\/v2\/posts\/36694","targetHints":{"allow":["GET"]}}],"collection":[{"href":"https:\/\/www.sudoestehoje.com.br\/novoportal\/wp-json\/wp\/v2\/posts"}],"about":[{"href":"https:\/\/www.sudoestehoje.com.br\/novoportal\/wp-json\/wp\/v2\/types\/post"}],"author":[{"embeddable":true,"href":"https:\/\/www.sudoestehoje.com.br\/novoportal\/wp-json\/wp\/v2\/users\/2"}],"replies":[{"embeddable":true,"href":"https:\/\/www.sudoestehoje.com.br\/novoportal\/wp-json\/wp\/v2\/comments?post=36694"}],"version-history":[{"count":4,"href":"https:\/\/www.sudoestehoje.com.br\/novoportal\/wp-json\/wp\/v2\/posts\/36694\/revisions"}],"predecessor-version":[{"id":36699,"href":"https:\/\/www.sudoestehoje.com.br\/novoportal\/wp-json\/wp\/v2\/posts\/36694\/revisions\/36699"}],"wp:attachment":[{"href":"https:\/\/www.sudoestehoje.com.br\/novoportal\/wp-json\/wp\/v2\/media?parent=36694"}],"wp:term":[{"taxonomy":"category","embeddable":true,"href":"https:\/\/www.sudoestehoje.com.br\/novoportal\/wp-json\/wp\/v2\/categories?post=36694"},{"taxonomy":"post_tag","embeddable":true,"href":"https:\/\/www.sudoestehoje.com.br\/novoportal\/wp-json\/wp\/v2\/tags?post=36694"}],"curies":[{"name":"wp","href":"https:\/\/api.w.org\/{rel}","templated":true}]}}