
{"id":36688,"date":"2014-05-08T10:08:48","date_gmt":"2014-05-08T13:08:48","guid":{"rendered":"http:\/\/www.sudoestehoje.com.br\/novoportal\/?p=36688"},"modified":"2014-05-08T10:08:48","modified_gmt":"2014-05-08T13:08:48","slug":"raimundo-varela-e-proibido-de-entrar-na-record-por-sindicato","status":"publish","type":"post","link":"https:\/\/www.sudoestehoje.com.br\/novoportal\/2014\/05\/08\/raimundo-varela-e-proibido-de-entrar-na-record-por-sindicato\/","title":{"rendered":"RAIMUNDO VARELA \u00c9 PROIBIDO DE ENTRAR NA RECORD POR SINDICATO"},"content":{"rendered":"<p style=\"text-align: center;\"><a href=\"http:\/\/www.sudoestehoje.com.br\/novoportal\/wp-content\/uploads\/2014\/05\/VARELA.jpg\"><img decoding=\"async\" class=\"aligncenter  wp-image-36689\" alt=\"VARELA\" src=\"http:\/\/www.sudoestehoje.com.br\/novoportal\/wp-content\/uploads\/2014\/05\/VARELA.jpg\" width=\"500\" \/><\/a><\/p>\n<p>O Sindicato dos Radialistas no Estado da Bahia (Sinterp) montou um cord\u00e3o de isolamento e impediu que os funcion\u00e1rios e apresentadores da Record Bahia adentrassem \u00e0 emissora, na manh\u00e3 desta quinta-feira (8). De acordo com informa\u00e7\u00e3o no site do sindicato, a mobiliza\u00e7\u00e3o \u00e9 por melhorias salariais.<\/p>\n<p>Os apresentadores J\u00e9ssica Senra e Raimundo Varela n\u00e3o conseguiram entrar na emissora e foi veiculado, no hor\u00e1rio dos respectivos programas, o que estava em rede nacional. De acordo com o diretor do Sinterp, Everaldo Monteiro, a ideia do movimento \u00e9 flexibilizar o patronato. &#8220;J\u00e1 tivemos v\u00e1rias rodadas de negocia\u00e7\u00e3o, mas n\u00e3o avan\u00e7a. Eles oferecem apenas 4% de aumento. \u00c9 irris\u00f3rio&#8221;, argumenta.<\/p>\n<p style=\"text-align: center;\"><a href=\"http:\/\/www.sudoestehoje.com.br\/novoportal\/wp-content\/uploads\/2014\/05\/RECORD.jpg\"><img decoding=\"async\" class=\"aligncenter  wp-image-36690\" alt=\"RECORD\" src=\"http:\/\/www.sudoestehoje.com.br\/novoportal\/wp-content\/uploads\/2014\/05\/RECORD.jpg\" width=\"500\" \/><\/a><\/p>\n<p>&nbsp;<\/p>\n<p>A apresentadora J\u00e9ssica Senra tentou intermediar a situa\u00e7\u00e3o, no sentido de n\u00e3o ter o &#8220;Bahia No Ar&#8221;, programa que apresenta na Record Bahia, suspenso. Mas, os manifestantes disseram que o foco seria esse, o de &#8220;suspender&#8221; o programa que est\u00e1 em evid\u00eancia. Ainda de acordo com o Sinterp, novas manifesta\u00e7\u00f5pes devem acontecer na porta das emissoras, mas, ainda, n\u00e3o existe um cronograma.<\/p>\n","protected":false},"excerpt":{"rendered":"<p>O Sindicato dos Radialistas no Estado da Bahia (Sinterp) montou um cord\u00e3o de isolamento e impediu que os funcion\u00e1rios e apresentadores da Record Bahia adentrassem \u00e0 emissora, na manh\u00e3 desta quinta-feira (8). De acordo com informa\u00e7\u00e3o no site do sindicato, a mobiliza\u00e7\u00e3o \u00e9 por melhorias salariais. Os apresentadores J\u00e9ssica Senra e Raimundo Varela n\u00e3o conseguiram [&hellip;]<\/p>\n","protected":false},"author":2,"featured_media":0,"comment_status":"open","ping_status":"open","sticky":false,"template":"","format":"standard","meta":{"footnotes":"","_links_to":"","_links_to_target":""},"categories":[1],"tags":[],"class_list":["post-36688","post","type-post","status-publish","format-standard","hentry","category-geral"],"views":3316,"_links":{"self":[{"href":"https:\/\/www.sudoestehoje.com.br\/novoportal\/wp-json\/wp\/v2\/posts\/36688","targetHints":{"allow":["GET"]}}],"collection":[{"href":"https:\/\/www.sudoestehoje.com.br\/novoportal\/wp-json\/wp\/v2\/posts"}],"about":[{"href":"https:\/\/www.sudoestehoje.com.br\/novoportal\/wp-json\/wp\/v2\/types\/post"}],"author":[{"embeddable":true,"href":"https:\/\/www.sudoestehoje.com.br\/novoportal\/wp-json\/wp\/v2\/users\/2"}],"replies":[{"embeddable":true,"href":"https:\/\/www.sudoestehoje.com.br\/novoportal\/wp-json\/wp\/v2\/comments?post=36688"}],"version-history":[{"count":1,"href":"https:\/\/www.sudoestehoje.com.br\/novoportal\/wp-json\/wp\/v2\/posts\/36688\/revisions"}],"predecessor-version":[{"id":36691,"href":"https:\/\/www.sudoestehoje.com.br\/novoportal\/wp-json\/wp\/v2\/posts\/36688\/revisions\/36691"}],"wp:attachment":[{"href":"https:\/\/www.sudoestehoje.com.br\/novoportal\/wp-json\/wp\/v2\/media?parent=36688"}],"wp:term":[{"taxonomy":"category","embeddable":true,"href":"https:\/\/www.sudoestehoje.com.br\/novoportal\/wp-json\/wp\/v2\/categories?post=36688"},{"taxonomy":"post_tag","embeddable":true,"href":"https:\/\/www.sudoestehoje.com.br\/novoportal\/wp-json\/wp\/v2\/tags?post=36688"}],"curies":[{"name":"wp","href":"https:\/\/api.w.org\/{rel}","templated":true}]}}