
{"id":36677,"date":"2014-05-07T23:05:15","date_gmt":"2014-05-08T02:05:15","guid":{"rendered":"http:\/\/www.sudoestehoje.com.br\/novoportal\/?p=36677"},"modified":"2014-05-08T17:41:08","modified_gmt":"2014-05-08T20:41:08","slug":"renan-denuncia-falta-de-medicamentos-e-obras-inacabadas-em-bandeira","status":"publish","type":"post","link":"https:\/\/www.sudoestehoje.com.br\/novoportal\/2014\/05\/07\/renan-denuncia-falta-de-medicamentos-e-obras-inacabadas-em-bandeira\/","title":{"rendered":"RENAN DENUNCIA FALTA DE MEDICAMENTOS E OBRAS INACABADAS EM BANDEIRA"},"content":{"rendered":"<p><a href=\"http:\/\/www.sudoestehoje.com.br\/novoportal\/wp-content\/uploads\/2014\/05\/renan-500x375.jpg\"><img loading=\"lazy\" decoding=\"async\" class=\"aligncenter size-full wp-image-36681\" alt=\"renan-500x375\" src=\"http:\/\/www.sudoestehoje.com.br\/novoportal\/wp-content\/uploads\/2014\/05\/renan-500x375.jpg\" width=\"500\" height=\"375\" \/><\/a><\/p>\n<p>Em seu pronunciamento na sess\u00e3o desta quarta-feira, na tribuna da C\u00e2mara Municipal, o \u00a0vereador Renan Coelho (PCdoB) denunciou a falta de medicamentos no PSF do distrito de Bandeira do Col\u00f4nia, o que considera um desrespeito \u00e0 popula\u00e7\u00e3o do distrito, que &#8220;necessita de uma sa\u00fade de qualidade&#8221;.<\/p>\n<p>Em sua p\u00e1gina no Facebook, o vereador Renan reclamou tamb\u00e9m das obras de infraestrutura que foram iniciadas e n\u00e3o conclu\u00eddas no distrito, lembrando que com estes dias de chuva, muitos moradores do bairro Vida Nova no Bandeira est\u00e3o convivendo com a lama. &#8220;O governo municipal abandou a obra e o povo sofre sem explica\u00e7\u00e3o. N\u00e3o aceitamos este tratamento com os moradores de Bandeira&#8221;, reclamou o vereador Renan.<\/p>\n<p><a href=\"http:\/\/www.sudoestehoje.com.br\/novoportal\/wp-content\/uploads\/2014\/05\/bandeira.jpg\"><img loading=\"lazy\" decoding=\"async\" class=\"aligncenter size-medium wp-image-36680\" alt=\"bandeira\" src=\"http:\/\/www.sudoestehoje.com.br\/novoportal\/wp-content\/uploads\/2014\/05\/bandeira-500x375.jpg\" width=\"500\" height=\"375\" srcset=\"https:\/\/www.sudoestehoje.com.br\/novoportal\/wp-content\/uploads\/2014\/05\/bandeira-500x375.jpg 500w, https:\/\/www.sudoestehoje.com.br\/novoportal\/wp-content\/uploads\/2014\/05\/bandeira-700x525.jpg 700w, https:\/\/www.sudoestehoje.com.br\/novoportal\/wp-content\/uploads\/2014\/05\/bandeira.jpg 717w\" sizes=\"auto, (max-width: 500px) 100vw, 500px\" \/><\/a><\/p>\n<p>As obras de pavimenta\u00e7\u00e3o e saneamento que vinham sendo realizadas no distrito de Bandeira, segundo pudemos apurar, foram paralisadas com as verbas federais depositados na conta da prefeitura, que ainda n\u00e3o se disp\u00f4s em liber\u00e1-las, em fun\u00e7\u00e3o de uma &#8216;birra&#8217; do secret\u00e1rio de urbanismo, Jeremias Brito, com a empreiteira respons\u00e1vel pela obra.\u00a0Vale lembrar que outras obras importantes no munic\u00edpio est\u00e3o paralisadas, pelo mesmo motivo.<\/p>\n<p>T\u00e1 na hora do prefeito trocar o seu secret\u00e1rio &#8216;cansado&#8217;, por um mais disposto &#8230;<\/p>\n<p><strong><em>Por Davi Ferraz<\/em><\/strong><\/p>\n","protected":false},"excerpt":{"rendered":"<p>Em seu pronunciamento na sess\u00e3o desta quarta-feira, na tribuna da C\u00e2mara Municipal, o \u00a0vereador Renan Coelho (PCdoB) denunciou a falta de medicamentos no PSF do distrito de Bandeira do Col\u00f4nia, o que considera um desrespeito \u00e0 popula\u00e7\u00e3o do distrito, que &#8220;necessita de uma sa\u00fade de qualidade&#8221;. Em sua p\u00e1gina no Facebook, o vereador Renan reclamou [&hellip;]<\/p>\n","protected":false},"author":2,"featured_media":0,"comment_status":"open","ping_status":"open","sticky":false,"template":"","format":"standard","meta":{"footnotes":"","_links_to":"","_links_to_target":""},"categories":[1],"tags":[],"class_list":["post-36677","post","type-post","status-publish","format-standard","hentry","category-geral"],"views":1349,"_links":{"self":[{"href":"https:\/\/www.sudoestehoje.com.br\/novoportal\/wp-json\/wp\/v2\/posts\/36677","targetHints":{"allow":["GET"]}}],"collection":[{"href":"https:\/\/www.sudoestehoje.com.br\/novoportal\/wp-json\/wp\/v2\/posts"}],"about":[{"href":"https:\/\/www.sudoestehoje.com.br\/novoportal\/wp-json\/wp\/v2\/types\/post"}],"author":[{"embeddable":true,"href":"https:\/\/www.sudoestehoje.com.br\/novoportal\/wp-json\/wp\/v2\/users\/2"}],"replies":[{"embeddable":true,"href":"https:\/\/www.sudoestehoje.com.br\/novoportal\/wp-json\/wp\/v2\/comments?post=36677"}],"version-history":[{"count":6,"href":"https:\/\/www.sudoestehoje.com.br\/novoportal\/wp-json\/wp\/v2\/posts\/36677\/revisions"}],"predecessor-version":[{"id":36707,"href":"https:\/\/www.sudoestehoje.com.br\/novoportal\/wp-json\/wp\/v2\/posts\/36677\/revisions\/36707"}],"wp:attachment":[{"href":"https:\/\/www.sudoestehoje.com.br\/novoportal\/wp-json\/wp\/v2\/media?parent=36677"}],"wp:term":[{"taxonomy":"category","embeddable":true,"href":"https:\/\/www.sudoestehoje.com.br\/novoportal\/wp-json\/wp\/v2\/categories?post=36677"},{"taxonomy":"post_tag","embeddable":true,"href":"https:\/\/www.sudoestehoje.com.br\/novoportal\/wp-json\/wp\/v2\/tags?post=36677"}],"curies":[{"name":"wp","href":"https:\/\/api.w.org\/{rel}","templated":true}]}}