
{"id":36659,"date":"2014-05-07T12:35:04","date_gmt":"2014-05-07T15:35:04","guid":{"rendered":"http:\/\/www.sudoestehoje.com.br\/novoportal\/?p=36659"},"modified":"2014-05-07T12:35:52","modified_gmt":"2014-05-07T15:35:52","slug":"felipao-convoca-selecao-da-copa","status":"publish","type":"post","link":"https:\/\/www.sudoestehoje.com.br\/novoportal\/2014\/05\/07\/felipao-convoca-selecao-da-copa\/","title":{"rendered":"FELIP\u00c3O CONVOCA SELE\u00c7\u00c3O DA COPA"},"content":{"rendered":"<p style=\"text-align: center;\"><a href=\"http:\/\/www.sudoestehoje.com.br\/novoportal\/wp-content\/uploads\/2014\/05\/FELIP\u00c3O.jpg\"><img decoding=\"async\" class=\"aligncenter  wp-image-36660\" alt=\"FELIP\u00c3O\" src=\"http:\/\/www.sudoestehoje.com.br\/novoportal\/wp-content\/uploads\/2014\/05\/FELIP\u00c3O.jpg\" width=\"450\" \/><\/a><\/p>\n<p>O t\u00e9cnico da Sele\u00e7\u00e3o Brasileira de futebol, Luis Felipe Scolari, convocou os 23 jogadores que formar\u00e3o a equipe que disputar\u00e1 a Copa do Mundo 2014, com in\u00edcio no dia 12 de junho.\u00a0Em um evento sediado em uma casa de shows do Rio de Janeiro, o treinador canarinho confirmou as presen\u00e7as de Julio C\u00e9sar, Thiago Silva, David Luiz, Ramires, Oscar, Willian, Paulinho, Fred e Neymar, que haviam sido pr\u00e9-confirmados, e anunciou os outros 14 atletas selecionados para o Mundial.<\/p>\n<div>Confira a lista dos convocados:<strong><!--more--><\/strong><br \/>\n<strong>Goleiros:<\/strong>Jefferson (Botafogo \u2013 Brasil)<\/p>\n<p>Julio C\u00e9sar (Toronto FC \u2013 Canad\u00e1)<\/p>\n<p>Victor\u00a0 (Atl\u00e9tico Mineiro \u2013 Brasil)<\/p>\n<p><strong>Zagueiros:\u00a0<\/strong><\/p>\n<p>Dante (Bayern de Munique \u2013 Alemanha)<\/p>\n<p>David Luiz (Chelsea \u2013 Inglaterra)<\/p>\n<p>Henrique (Napoli \u2013 It\u00e1lia)<\/p>\n<p>Thiago Silva (Paris Saint-Germain \u2013 Fran\u00e7a)<\/p>\n<p><strong>Laterais:<\/strong><\/p>\n<p>Daniel Alves (Barcelona &#8211; Espanha)<\/p>\n<p>Maicon (Roma &#8211; It\u00e1lia)<\/p>\n<p>Marcelo (Real Madrid \u2013 Espanha)<\/p>\n<p>Maxwell (Paris Saint-Germain &#8211; Fran\u00e7a)<\/p>\n<p><strong>Meias:<\/strong><\/p>\n<p>Hernanes (Internazionale \u2013 It\u00e1lia)<\/p>\n<p>Fernandinho (Manchester City \u2013 Inglaterra)<\/p>\n<p>Luiz Gustavo (Wolfsburg \u2013 Alemanha)<\/p>\n<p>Oscar (Chelsea \u2013 Inglaterra)<\/p>\n<p>Paulinho (Tottenham \u2013 Inglaterra)<\/p>\n<p>Ramires (Chelsea \u2013 Inglaterra)<\/p>\n<p>Willian (Chelsea \u2013 Inglaterra)<\/p>\n<p><strong>Atacantes:<\/strong><\/p>\n<p>Bernard (Shakhat Donetsk &#8211; Ucr\u00e2nia)<\/p>\n<p>Fred (Fluminense \u2013 Brasil)<\/p>\n<p>Hulk (Zenit S\u00e3o Petesburgo \u2013 Russia)<\/p>\n<p>J\u00f4 (Atl\u00e9tico Mineiro \u2013 Brasil)<\/p>\n<p>Neymar (Barcelona \u2013 Espanha)<\/p>\n<\/div>\n<p>&nbsp;<\/p>\n","protected":false},"excerpt":{"rendered":"<p>O t\u00e9cnico da Sele\u00e7\u00e3o Brasileira de futebol, Luis Felipe Scolari, convocou os 23 jogadores que formar\u00e3o a equipe que disputar\u00e1 a Copa do Mundo 2014, com in\u00edcio no dia 12 de junho.\u00a0Em um evento sediado em uma casa de shows do Rio de Janeiro, o treinador canarinho confirmou as presen\u00e7as de Julio C\u00e9sar, Thiago Silva, [&hellip;]<\/p>\n","protected":false},"author":2,"featured_media":0,"comment_status":"open","ping_status":"open","sticky":false,"template":"","format":"standard","meta":{"footnotes":"","_links_to":"","_links_to_target":""},"categories":[1],"tags":[],"class_list":["post-36659","post","type-post","status-publish","format-standard","hentry","category-geral"],"views":1254,"_links":{"self":[{"href":"https:\/\/www.sudoestehoje.com.br\/novoportal\/wp-json\/wp\/v2\/posts\/36659","targetHints":{"allow":["GET"]}}],"collection":[{"href":"https:\/\/www.sudoestehoje.com.br\/novoportal\/wp-json\/wp\/v2\/posts"}],"about":[{"href":"https:\/\/www.sudoestehoje.com.br\/novoportal\/wp-json\/wp\/v2\/types\/post"}],"author":[{"embeddable":true,"href":"https:\/\/www.sudoestehoje.com.br\/novoportal\/wp-json\/wp\/v2\/users\/2"}],"replies":[{"embeddable":true,"href":"https:\/\/www.sudoestehoje.com.br\/novoportal\/wp-json\/wp\/v2\/comments?post=36659"}],"version-history":[{"count":3,"href":"https:\/\/www.sudoestehoje.com.br\/novoportal\/wp-json\/wp\/v2\/posts\/36659\/revisions"}],"predecessor-version":[{"id":36663,"href":"https:\/\/www.sudoestehoje.com.br\/novoportal\/wp-json\/wp\/v2\/posts\/36659\/revisions\/36663"}],"wp:attachment":[{"href":"https:\/\/www.sudoestehoje.com.br\/novoportal\/wp-json\/wp\/v2\/media?parent=36659"}],"wp:term":[{"taxonomy":"category","embeddable":true,"href":"https:\/\/www.sudoestehoje.com.br\/novoportal\/wp-json\/wp\/v2\/categories?post=36659"},{"taxonomy":"post_tag","embeddable":true,"href":"https:\/\/www.sudoestehoje.com.br\/novoportal\/wp-json\/wp\/v2\/tags?post=36659"}],"curies":[{"name":"wp","href":"https:\/\/api.w.org\/{rel}","templated":true}]}}