
{"id":36656,"date":"2014-05-07T09:46:31","date_gmt":"2014-05-07T12:46:31","guid":{"rendered":"http:\/\/www.sudoestehoje.com.br\/novoportal\/?p=36656"},"modified":"2014-05-07T09:46:31","modified_gmt":"2014-05-07T12:46:31","slug":"professor-abel-reboucas-e-cogitado-para-suplencia-de-otto","status":"publish","type":"post","link":"https:\/\/www.sudoestehoje.com.br\/novoportal\/2014\/05\/07\/professor-abel-reboucas-e-cogitado-para-suplencia-de-otto\/","title":{"rendered":"PROFESSOR ABEL REBOU\u00c7AS \u00c9 COGITADO PARA SUPL\u00caNCIA DE OTTO"},"content":{"rendered":"<p><a href=\"http:\/\/www.sudoestehoje.com.br\/novoportal\/wp-content\/uploads\/2014\/05\/abel.jpg\"><img loading=\"lazy\" decoding=\"async\" class=\"aligncenter size-medium wp-image-36657\" alt=\"abel\" src=\"http:\/\/www.sudoestehoje.com.br\/novoportal\/wp-content\/uploads\/2014\/05\/abel-500x335.jpg\" width=\"500\" height=\"335\" srcset=\"https:\/\/www.sudoestehoje.com.br\/novoportal\/wp-content\/uploads\/2014\/05\/abel-500x335.jpg 500w, https:\/\/www.sudoestehoje.com.br\/novoportal\/wp-content\/uploads\/2014\/05\/abel.jpg 600w\" sizes=\"auto, (max-width: 500px) 100vw, 500px\" \/><\/a><\/p>\n<p>Depois de perder para o PP\u00a0o posto de vice na chapa encabe\u00e7ada pelo petista Rui Costa, candidato ao governo da Bahia, o PDT discute quem indicar\u00e1 para preencher a vaga de suplente do candidato a senador Otto Alencar (PSD).<\/p>\n<p>Em entrevista, o deputado federal F\u00e9lix Mendon\u00e7a Jr., presidente do PDT baiano, disse que a sigla j\u00e1 considera certa a presen\u00e7a de um pedetista na supl\u00eancia para o Senado e revelou os tr\u00eas nomes que despontam internamente com maiores chances de indica\u00e7\u00e3o: o ex-vereador Gilberto Jos\u00e9, a ex-candidata \u00e0 prefeitura de Itaparica Marlylda Barbuda e o ex-reitor da Universidade Estadual do Sudoeste (Uesb) <strong>Abel Rebou\u00e7as.<\/strong><\/p>\n<p>Abel, que j\u00e1 foi preterido pelo pr\u00f3prio PDT para ocupar a Secretaria Estadual da Ci\u00eancia e Tecnologia, se v\u00ea agora &#8216;cogitado&#8217; para um cargo sem a menor import\u00e2ncia no esquema eleitoral, j\u00e1 que o suplente de senador s\u00f3 assume quando o titular morre, renuncia ou \u00e9 cassado.<\/p>\n<p>Melhor disputar, honrosamente, a elei\u00e7\u00e3o de deputado federal, onde o banco de reserva \u00a0j\u00e1 \u00e9 &#8216;garantido&#8217;, logo na largada, sem precisar da interfer\u00eancia dos &#8216;cartolas&#8217;. Por outro lado, a campanha de suplente de senador \u00e9 0800, pois o candidato nem aparece na chapa e n\u00e3o precisa pedir votos.<\/p>\n<p>Se ganhar, \u00e9 s\u00f3 ficar sentado no banco, azarando o titular, como fazem os reservas dos times de futebol&#8230;<\/p>\n<p><strong><em>Por Davi Ferraz<\/em><\/strong><\/p>\n","protected":false},"excerpt":{"rendered":"<p>Depois de perder para o PP\u00a0o posto de vice na chapa encabe\u00e7ada pelo petista Rui Costa, candidato ao governo da Bahia, o PDT discute quem indicar\u00e1 para preencher a vaga de suplente do candidato a senador Otto Alencar (PSD). Em entrevista, o deputado federal F\u00e9lix Mendon\u00e7a Jr., presidente do PDT baiano, disse que a sigla [&hellip;]<\/p>\n","protected":false},"author":2,"featured_media":0,"comment_status":"open","ping_status":"open","sticky":false,"template":"","format":"standard","meta":{"footnotes":"","_links_to":"","_links_to_target":""},"categories":[1],"tags":[],"class_list":["post-36656","post","type-post","status-publish","format-standard","hentry","category-geral"],"views":1425,"_links":{"self":[{"href":"https:\/\/www.sudoestehoje.com.br\/novoportal\/wp-json\/wp\/v2\/posts\/36656","targetHints":{"allow":["GET"]}}],"collection":[{"href":"https:\/\/www.sudoestehoje.com.br\/novoportal\/wp-json\/wp\/v2\/posts"}],"about":[{"href":"https:\/\/www.sudoestehoje.com.br\/novoportal\/wp-json\/wp\/v2\/types\/post"}],"author":[{"embeddable":true,"href":"https:\/\/www.sudoestehoje.com.br\/novoportal\/wp-json\/wp\/v2\/users\/2"}],"replies":[{"embeddable":true,"href":"https:\/\/www.sudoestehoje.com.br\/novoportal\/wp-json\/wp\/v2\/comments?post=36656"}],"version-history":[{"count":1,"href":"https:\/\/www.sudoestehoje.com.br\/novoportal\/wp-json\/wp\/v2\/posts\/36656\/revisions"}],"predecessor-version":[{"id":36658,"href":"https:\/\/www.sudoestehoje.com.br\/novoportal\/wp-json\/wp\/v2\/posts\/36656\/revisions\/36658"}],"wp:attachment":[{"href":"https:\/\/www.sudoestehoje.com.br\/novoportal\/wp-json\/wp\/v2\/media?parent=36656"}],"wp:term":[{"taxonomy":"category","embeddable":true,"href":"https:\/\/www.sudoestehoje.com.br\/novoportal\/wp-json\/wp\/v2\/categories?post=36656"},{"taxonomy":"post_tag","embeddable":true,"href":"https:\/\/www.sudoestehoje.com.br\/novoportal\/wp-json\/wp\/v2\/tags?post=36656"}],"curies":[{"name":"wp","href":"https:\/\/api.w.org\/{rel}","templated":true}]}}