
{"id":36650,"date":"2014-05-07T00:06:39","date_gmt":"2014-05-07T03:06:39","guid":{"rendered":"http:\/\/www.sudoestehoje.com.br\/novoportal\/?p=36650"},"modified":"2014-05-07T00:07:49","modified_gmt":"2014-05-07T03:07:49","slug":"comissao-de-direitos-humanos-da-assembleia-vai-interceder-por-prisco","status":"publish","type":"post","link":"https:\/\/www.sudoestehoje.com.br\/novoportal\/2014\/05\/07\/comissao-de-direitos-humanos-da-assembleia-vai-interceder-por-prisco\/","title":{"rendered":"COMISS\u00c3O DE DIREITOS HUMANOS DA ASSEMBL\u00c9IA VAI INTERCEDER POR PRISCO"},"content":{"rendered":"<p><a href=\"http:\/\/www.sudoestehoje.com.br\/novoportal\/wp-content\/uploads\/2014\/05\/prisco21.jpg\"><img loading=\"lazy\" decoding=\"async\" class=\"aligncenter size-medium wp-image-36652\" alt=\"prisco21\" src=\"http:\/\/www.sudoestehoje.com.br\/novoportal\/wp-content\/uploads\/2014\/05\/prisco21-500x332.jpg\" width=\"500\" height=\"332\" srcset=\"https:\/\/www.sudoestehoje.com.br\/novoportal\/wp-content\/uploads\/2014\/05\/prisco21-500x332.jpg 500w, https:\/\/www.sudoestehoje.com.br\/novoportal\/wp-content\/uploads\/2014\/05\/prisco21-700x465.jpg 700w, https:\/\/www.sudoestehoje.com.br\/novoportal\/wp-content\/uploads\/2014\/05\/prisco21.jpg 930w\" sizes=\"auto, (max-width: 500px) 100vw, 500px\" \/><\/a><\/p>\n<p>A Comiss\u00e3o de Direitos Humanos e Seguran\u00e7a P\u00fablica da Assembleia Legislativa decidiu, por maioria de votos, impetrar um habeas corpus com pedido de medida liminar em favor do vereador Marco Prisco Caldas Machado, que se encontra detido em pres\u00eddio de seguran\u00e7a m\u00e1xima, em Bras\u00edlia, por ter liderado a greve dos PMs em 2012, na Bahia.<\/p>\n<p>A comiss\u00e3o alega o l\u00edder policial est\u00e1 sofrendo constrangimento ilegal pelo juiz da 17\u00aa Vara da Se\u00e7\u00e3o Judici\u00e1ria do Estado da Bahia, que determinou a pris\u00e3o preventiva com base na Lei de Seguran\u00e7a Nacional.\u00a0Na reuni\u00e3o tamb\u00e9m foi aprovada uma visita da Comiss\u00e3o ao Pres\u00eddio\u00a0 da Papuda, em Bras\u00edlia, para visitar o vereador Marco Prisco, que apresentou problemas card\u00edacos (dores no peito indicando um quadro de angina) no final da semana passada. O quadro de infarto do mioc\u00e1rdio n\u00e3o chegou a ser confirmado. A data da visita ser\u00e1 confirmada ainda esta semana.\u00a0<!--more--><\/p>\n<p>O l\u00edder do PSB na Assembleia, deputado Capit\u00e3o Tadeu, afirmou confiar plenamente no sucesso do habeas corpus e quer o apoio da Comiss\u00e3o de Direitos Humanos do Senado Federal reivindicando a soltura de Prisco ou at\u00e9 mesmo sua transfer\u00eancia para Salvador. Euf\u00f3rico com a aprova\u00e7\u00e3o da impetra\u00e7\u00e3o do habeas corpus em favor de Prisco, ele disse. \u201cQueremos conhecer as condi\u00e7\u00f5es que Prisco se encontra no pres\u00eddio da Papuda, em Bras\u00edlia. Lula foi preso por liderar greve dos trabalhadores, a atual presidente Dilma no combate a ent\u00e3o ditadura militar e n\u00e3o cabe pris\u00e3o em regime federal ao l\u00edder da greve da Pol\u00edcia Militar na Bahia. O Estado passa por uma crise institucional das mais graves. O policial n\u00e3o est\u00e1 \u00f3rf\u00e3o na Bahia, pois conta tamb\u00e9m com apoio da Comiss\u00e3o de Direitos Humanos e Seguran\u00e7a P\u00fablica da Assembleia Legislativa\u201d, concluiu Capit\u00e3o Tadeu.<\/p>\n<p><em>Blog do Fabio Sena<\/em><\/p>\n","protected":false},"excerpt":{"rendered":"<p>A Comiss\u00e3o de Direitos Humanos e Seguran\u00e7a P\u00fablica da Assembleia Legislativa decidiu, por maioria de votos, impetrar um habeas corpus com pedido de medida liminar em favor do vereador Marco Prisco Caldas Machado, que se encontra detido em pres\u00eddio de seguran\u00e7a m\u00e1xima, em Bras\u00edlia, por ter liderado a greve dos PMs em 2012, na Bahia. [&hellip;]<\/p>\n","protected":false},"author":2,"featured_media":0,"comment_status":"open","ping_status":"open","sticky":false,"template":"","format":"standard","meta":{"footnotes":"","_links_to":"","_links_to_target":""},"categories":[1],"tags":[],"class_list":["post-36650","post","type-post","status-publish","format-standard","hentry","category-geral"],"views":1088,"_links":{"self":[{"href":"https:\/\/www.sudoestehoje.com.br\/novoportal\/wp-json\/wp\/v2\/posts\/36650","targetHints":{"allow":["GET"]}}],"collection":[{"href":"https:\/\/www.sudoestehoje.com.br\/novoportal\/wp-json\/wp\/v2\/posts"}],"about":[{"href":"https:\/\/www.sudoestehoje.com.br\/novoportal\/wp-json\/wp\/v2\/types\/post"}],"author":[{"embeddable":true,"href":"https:\/\/www.sudoestehoje.com.br\/novoportal\/wp-json\/wp\/v2\/users\/2"}],"replies":[{"embeddable":true,"href":"https:\/\/www.sudoestehoje.com.br\/novoportal\/wp-json\/wp\/v2\/comments?post=36650"}],"version-history":[{"count":4,"href":"https:\/\/www.sudoestehoje.com.br\/novoportal\/wp-json\/wp\/v2\/posts\/36650\/revisions"}],"predecessor-version":[{"id":36655,"href":"https:\/\/www.sudoestehoje.com.br\/novoportal\/wp-json\/wp\/v2\/posts\/36650\/revisions\/36655"}],"wp:attachment":[{"href":"https:\/\/www.sudoestehoje.com.br\/novoportal\/wp-json\/wp\/v2\/media?parent=36650"}],"wp:term":[{"taxonomy":"category","embeddable":true,"href":"https:\/\/www.sudoestehoje.com.br\/novoportal\/wp-json\/wp\/v2\/categories?post=36650"},{"taxonomy":"post_tag","embeddable":true,"href":"https:\/\/www.sudoestehoje.com.br\/novoportal\/wp-json\/wp\/v2\/tags?post=36650"}],"curies":[{"name":"wp","href":"https:\/\/api.w.org\/{rel}","templated":true}]}}