
{"id":36631,"date":"2014-05-06T13:59:17","date_gmt":"2014-05-06T16:59:17","guid":{"rendered":"http:\/\/www.sudoestehoje.com.br\/novoportal\/?p=36631"},"modified":"2014-05-06T14:20:00","modified_gmt":"2014-05-06T17:20:00","slug":"exclusivo-michel-pode-apoiar-fabio-souto-para-deputado-estadual","status":"publish","type":"post","link":"https:\/\/www.sudoestehoje.com.br\/novoportal\/2014\/05\/06\/exclusivo-michel-pode-apoiar-fabio-souto-para-deputado-estadual\/","title":{"rendered":"EXCLUSIVO: MICHEL PODE APOIAR F\u00c1BIO SOUTO PARA DEPUTADO ESTADUAL"},"content":{"rendered":"<div id=\"attachment_36632\" style=\"width: 510px\" class=\"wp-caption aligncenter\"><a href=\"http:\/\/www.sudoestehoje.com.br\/novoportal\/wp-content\/uploads\/2014\/05\/chapa-de-michel.jpg\"><img loading=\"lazy\" decoding=\"async\" aria-describedby=\"caption-attachment-36632\" class=\"size-medium wp-image-36632\" alt=\"Esta pode ser a dobradinha que contar\u00e1 com o apoio de Michel: L\u00facio para federal e F\u00e1bio Souto para estadual.\" src=\"http:\/\/www.sudoestehoje.com.br\/novoportal\/wp-content\/uploads\/2014\/05\/chapa-de-michel-500x328.jpg\" width=\"500\" height=\"328\" srcset=\"https:\/\/www.sudoestehoje.com.br\/novoportal\/wp-content\/uploads\/2014\/05\/chapa-de-michel-500x328.jpg 500w, https:\/\/www.sudoestehoje.com.br\/novoportal\/wp-content\/uploads\/2014\/05\/chapa-de-michel-700x459.jpg 700w, https:\/\/www.sudoestehoje.com.br\/novoportal\/wp-content\/uploads\/2014\/05\/chapa-de-michel.jpg 960w\" sizes=\"auto, (max-width: 500px) 100vw, 500px\" \/><\/a><p id=\"caption-attachment-36632\" class=\"wp-caption-text\">Esta pode ser a dobradinha que contar\u00e1 com o apoio de Michel: L\u00facio para federal e F\u00e1bio Souto para estadual. Foto montagem Sudoeste Hoje<\/p><\/div>\n<p>ITAPETINGA: Em \u00e9poca de defini\u00e7\u00f5es e indefini\u00e7\u00f5es eleitorais, \u00e9 comum que especula\u00e7\u00f5es sejam feitas a respeito dos acordos, apoios e dobradinhas entre os candidatos. Em Itapetinga, tem-se como certo o apoio do ex-prefeito Michel Hagge ao peemedebista L\u00facio Vieira Lima, para a c\u00e2mara federal, mas o seu parceiro de chapa ainda est\u00e1 indefinido, conforme declara o pr\u00f3prio Michel, que chegou a ser cogitado para disputar uma vaga na assembl\u00e9ia, mas parece ter desistido.<\/p>\n<p>Entretanto, surgem algumas especula\u00e7\u00f5es nos bastidores da pol\u00edtica local, dando conta de um prov\u00e1vel apoio de Michel Hagge ao agora correligion\u00e1rio F\u00e1bio Souto, que desistiu de se candidatar a deputado federal, e vai disputar uma vaga na assembleia Legislativa.<\/p>\n<p>Segunda fonte fidedigna, o pedido teria partido do pr\u00f3prio Paulo Souto, primo em 1\u00ba grau de Michel, que pretende dar ao seu filho F\u00e1bio, a maior vota\u00e7\u00e3o entre os concorrentes da coliga\u00e7\u00e3o DEM\/PMDB no estado. Tamb\u00e9m \u00e9 certo o apoio do grupo do ex-prefeito Jos\u00e9 Ot\u00e1vio, ao filho do candidato Paulo Souto.<\/p>\n<p>Se o apoio de Michel a F\u00e1bio Souto se confirmar, tudo ficar\u00e1 <em>&#8217;em fam\u00edlia&#8217;<\/em>, novela favorita do velho gabiraba&#8230;<\/p>\n<p><strong><em>Por Davi Ferraz\u00a0<\/em><\/strong><\/p>\n","protected":false},"excerpt":{"rendered":"<p>ITAPETINGA: Em \u00e9poca de defini\u00e7\u00f5es e indefini\u00e7\u00f5es eleitorais, \u00e9 comum que especula\u00e7\u00f5es sejam feitas a respeito dos acordos, apoios e dobradinhas entre os candidatos. Em Itapetinga, tem-se como certo o apoio do ex-prefeito Michel Hagge ao peemedebista L\u00facio Vieira Lima, para a c\u00e2mara federal, mas o seu parceiro de chapa ainda est\u00e1 indefinido, conforme declara [&hellip;]<\/p>\n","protected":false},"author":2,"featured_media":0,"comment_status":"open","ping_status":"open","sticky":false,"template":"","format":"standard","meta":{"footnotes":"","_links_to":"","_links_to_target":""},"categories":[1],"tags":[],"class_list":["post-36631","post","type-post","status-publish","format-standard","hentry","category-geral"],"views":1333,"_links":{"self":[{"href":"https:\/\/www.sudoestehoje.com.br\/novoportal\/wp-json\/wp\/v2\/posts\/36631","targetHints":{"allow":["GET"]}}],"collection":[{"href":"https:\/\/www.sudoestehoje.com.br\/novoportal\/wp-json\/wp\/v2\/posts"}],"about":[{"href":"https:\/\/www.sudoestehoje.com.br\/novoportal\/wp-json\/wp\/v2\/types\/post"}],"author":[{"embeddable":true,"href":"https:\/\/www.sudoestehoje.com.br\/novoportal\/wp-json\/wp\/v2\/users\/2"}],"replies":[{"embeddable":true,"href":"https:\/\/www.sudoestehoje.com.br\/novoportal\/wp-json\/wp\/v2\/comments?post=36631"}],"version-history":[{"count":4,"href":"https:\/\/www.sudoestehoje.com.br\/novoportal\/wp-json\/wp\/v2\/posts\/36631\/revisions"}],"predecessor-version":[{"id":36640,"href":"https:\/\/www.sudoestehoje.com.br\/novoportal\/wp-json\/wp\/v2\/posts\/36631\/revisions\/36640"}],"wp:attachment":[{"href":"https:\/\/www.sudoestehoje.com.br\/novoportal\/wp-json\/wp\/v2\/media?parent=36631"}],"wp:term":[{"taxonomy":"category","embeddable":true,"href":"https:\/\/www.sudoestehoje.com.br\/novoportal\/wp-json\/wp\/v2\/categories?post=36631"},{"taxonomy":"post_tag","embeddable":true,"href":"https:\/\/www.sudoestehoje.com.br\/novoportal\/wp-json\/wp\/v2\/tags?post=36631"}],"curies":[{"name":"wp","href":"https:\/\/api.w.org\/{rel}","templated":true}]}}