
{"id":3663,"date":"2011-02-28T11:59:42","date_gmt":"2011-02-28T14:59:42","guid":{"rendered":"http:\/\/www.sudoestehoje.com.br\/novoportal\/?p=3663"},"modified":"2011-02-28T11:59:42","modified_gmt":"2011-02-28T14:59:42","slug":"deputado-fabricio-agride-advogado-em-jaguaquara","status":"publish","type":"post","link":"https:\/\/www.sudoestehoje.com.br\/novoportal\/2011\/02\/28\/deputado-fabricio-agride-advogado-em-jaguaquara\/","title":{"rendered":"DEPUTADO FABRICIO AGRIDE ADVOGADO EM JAGUAQUARA"},"content":{"rendered":"<p style=\"text-align: center;\">\n<h6><em>\u00a0<\/em><\/h6>\n<p><a rel=\"lightbox[35870]\" href=\"http:\/\/www.blogdoanderson.com\/v2\/wp-content\/uploads\/2011\/02\/fabricio1.jpg\"><img loading=\"lazy\" decoding=\"async\" class=\"aligncenter\" title=\"fabricio1\" src=\"http:\/\/www.blogdoanderson.com\/v2\/wp-content\/uploads\/2011\/02\/fabricio1.jpg\" alt=\"\" width=\"453\" height=\"339\" \/><\/a><\/p>\n<div>\n<p style=\"text-align: center;\"><em><strong>Fabricio\u00a0teria se irritado com suposta provoca\u00e7\u00e3o do advogado<\/strong><\/em><\/p>\n<\/div>\n<p>\u00a0<\/p>\n<p>JAGUAQUARA: A reelei\u00e7\u00e3o do comunista Walter Bispo Correia \u00e0 presid\u00eancia o Sindicato dos Trabalhares Rurais de Jaguaquara, neste domingo (27), foi bastante conturbada. Ap\u00f3s uma confus\u00e3o durante a apura\u00e7\u00e3o dos votos, um advogado da chapa oposta, apoiada pelo deputado Fabr\u00edcio Falc\u00e3o (PCdoB), acabou recebendo um soco no rosto. A pancada foi dada pelo deputado Fabr\u00edcio, ap\u00f3s presenciar um advogado desrespeitar uma sindicalista ao dizer que o valor de seu rel\u00f3gio seria superior aos rendimentos que ela receberia durante cinco anos de trabalho. Blog do Anderson<\/p>\n","protected":false},"excerpt":{"rendered":"<p>\u00a0 Fabricio\u00a0teria se irritado com suposta provoca\u00e7\u00e3o do advogado \u00a0 JAGUAQUARA: A reelei\u00e7\u00e3o do comunista Walter Bispo Correia \u00e0 presid\u00eancia o Sindicato dos Trabalhares Rurais de Jaguaquara, neste domingo (27), foi bastante conturbada. Ap\u00f3s uma confus\u00e3o durante a apura\u00e7\u00e3o dos votos, um advogado da chapa oposta, apoiada pelo deputado Fabr\u00edcio Falc\u00e3o (PCdoB), acabou recebendo um [&hellip;]<\/p>\n","protected":false},"author":2,"featured_media":0,"comment_status":"open","ping_status":"open","sticky":false,"template":"","format":"standard","meta":{"footnotes":"","_links_to":"","_links_to_target":""},"categories":[1],"tags":[],"class_list":["post-3663","post","type-post","status-publish","format-standard","hentry","category-geral"],"views":1346,"_links":{"self":[{"href":"https:\/\/www.sudoestehoje.com.br\/novoportal\/wp-json\/wp\/v2\/posts\/3663","targetHints":{"allow":["GET"]}}],"collection":[{"href":"https:\/\/www.sudoestehoje.com.br\/novoportal\/wp-json\/wp\/v2\/posts"}],"about":[{"href":"https:\/\/www.sudoestehoje.com.br\/novoportal\/wp-json\/wp\/v2\/types\/post"}],"author":[{"embeddable":true,"href":"https:\/\/www.sudoestehoje.com.br\/novoportal\/wp-json\/wp\/v2\/users\/2"}],"replies":[{"embeddable":true,"href":"https:\/\/www.sudoestehoje.com.br\/novoportal\/wp-json\/wp\/v2\/comments?post=3663"}],"version-history":[{"count":2,"href":"https:\/\/www.sudoestehoje.com.br\/novoportal\/wp-json\/wp\/v2\/posts\/3663\/revisions"}],"predecessor-version":[{"id":3666,"href":"https:\/\/www.sudoestehoje.com.br\/novoportal\/wp-json\/wp\/v2\/posts\/3663\/revisions\/3666"}],"wp:attachment":[{"href":"https:\/\/www.sudoestehoje.com.br\/novoportal\/wp-json\/wp\/v2\/media?parent=3663"}],"wp:term":[{"taxonomy":"category","embeddable":true,"href":"https:\/\/www.sudoestehoje.com.br\/novoportal\/wp-json\/wp\/v2\/categories?post=3663"},{"taxonomy":"post_tag","embeddable":true,"href":"https:\/\/www.sudoestehoje.com.br\/novoportal\/wp-json\/wp\/v2\/tags?post=3663"}],"curies":[{"name":"wp","href":"https:\/\/api.w.org\/{rel}","templated":true}]}}