
{"id":36624,"date":"2014-05-06T10:49:42","date_gmt":"2014-05-06T13:49:42","guid":{"rendered":"http:\/\/www.sudoestehoje.com.br\/novoportal\/?p=36624"},"modified":"2014-05-06T10:51:31","modified_gmt":"2014-05-06T13:51:31","slug":"convencoes-souto-em-18-de-junho-rui-dis-27-e-lidice-indefinida","status":"publish","type":"post","link":"https:\/\/www.sudoestehoje.com.br\/novoportal\/2014\/05\/06\/convencoes-souto-em-18-de-junho-rui-dis-27-e-lidice-indefinida\/","title":{"rendered":"CONVEN\u00c7\u00d5ES: SOUTO EM 18 DE JUNHO, RUI DIA 27 E L\u00cdDICE INDEFINIDA"},"content":{"rendered":"<p style=\"text-align: center;\"><a href=\"http:\/\/www.sudoestehoje.com.br\/novoportal\/wp-content\/uploads\/2014\/05\/CANDIDATOS-GOVERNO.jpg\"><img decoding=\"async\" class=\"aligncenter  wp-image-36625\" alt=\"CANDIDATOS GOVERNO\" src=\"http:\/\/www.sudoestehoje.com.br\/novoportal\/wp-content\/uploads\/2014\/05\/CANDIDATOS-GOVERNO.jpg\" width=\"450\" \/><\/a><\/p>\n<p>Em ano de Copa do Mundo no Brasil, os partidos pol\u00edticos disputam com o futebol o calend\u00e1rio \u2013 entre 10 e 30 de junho, conforme as regras do Tribunal Superior Eleitoral (TSE) \u2013 para lan\u00e7ar os postulantes que estampar\u00e3o as urnas em 5 de outubro. Dos seis pr\u00e9-candidatos ao governo da Bahia \u2013 L\u00eddice da Mata (PSB), Luiz Bassuma (PEN), Marcos Mendes (PSOL), Paulo Souto (DEM), Rog\u00e9rio Tadeu da Luz (PRTB) e Rui Costa (PT) \u2013 apenas o democrata e o petista t\u00eam data definida para o evento.<\/p>\n<p>O trio Souto, Joaci G\u00f3es (PSDB) e Geddel Vieira Lima (PMDB) ser\u00e1 apresentado aos votantes no dia 18 de junho, uma quarta-feira, no espa\u00e7o Bahia Caf\u00e9 Hall, na Avenida Paralela, em Salvador, provavelmente sem a presen\u00e7a de grandes representantes nacionais das siglas. &#8220;N\u00e3o d\u00e1 tempo n\u00e3o. Para arranjar data j\u00e1 foi uma confus\u00e3o&#8230; Tem conven\u00e7\u00f5es nacionais, jogo de sele\u00e7\u00e3o, tudo no mesmo per\u00edodo. Deve ser mais mobiliza\u00e7\u00e3o local mesmo&#8221;, estimou Geddel, em entrevista ao Bahia Not\u00edcias.<\/p>\n<p>Se entre os antipetistas a expectativa \u00e9 de um evento mais &#8220;modesto&#8221;, os governistas t\u00eam previs\u00e3o oposta. A celebra\u00e7\u00e3o da trinca Rui Costa\/ Jo\u00e3o Le\u00e3o (PP)\/ Otto Alencar (PSD) ocorrer\u00e1 no dia 27, ainda sem \u00e1rea determinada, com possibilidade de presen\u00e7a da atual presidente da Rep\u00fablica, Dilma Rousseff \u2013 que tenta a reelei\u00e7\u00e3o \u2013, e seu antecessor Luiz In\u00e1cio Lula da Silva, que ter\u00e1 compromisso na capital baiana na pr\u00f3xima semana.<\/p>\n","protected":false},"excerpt":{"rendered":"<p>Em ano de Copa do Mundo no Brasil, os partidos pol\u00edticos disputam com o futebol o calend\u00e1rio \u2013 entre 10 e 30 de junho, conforme as regras do Tribunal Superior Eleitoral (TSE) \u2013 para lan\u00e7ar os postulantes que estampar\u00e3o as urnas em 5 de outubro. Dos seis pr\u00e9-candidatos ao governo da Bahia \u2013 L\u00eddice da [&hellip;]<\/p>\n","protected":false},"author":2,"featured_media":0,"comment_status":"open","ping_status":"open","sticky":false,"template":"","format":"standard","meta":{"footnotes":"","_links_to":"","_links_to_target":""},"categories":[1],"tags":[],"class_list":["post-36624","post","type-post","status-publish","format-standard","hentry","category-geral"],"views":1211,"_links":{"self":[{"href":"https:\/\/www.sudoestehoje.com.br\/novoportal\/wp-json\/wp\/v2\/posts\/36624","targetHints":{"allow":["GET"]}}],"collection":[{"href":"https:\/\/www.sudoestehoje.com.br\/novoportal\/wp-json\/wp\/v2\/posts"}],"about":[{"href":"https:\/\/www.sudoestehoje.com.br\/novoportal\/wp-json\/wp\/v2\/types\/post"}],"author":[{"embeddable":true,"href":"https:\/\/www.sudoestehoje.com.br\/novoportal\/wp-json\/wp\/v2\/users\/2"}],"replies":[{"embeddable":true,"href":"https:\/\/www.sudoestehoje.com.br\/novoportal\/wp-json\/wp\/v2\/comments?post=36624"}],"version-history":[{"count":3,"href":"https:\/\/www.sudoestehoje.com.br\/novoportal\/wp-json\/wp\/v2\/posts\/36624\/revisions"}],"predecessor-version":[{"id":36628,"href":"https:\/\/www.sudoestehoje.com.br\/novoportal\/wp-json\/wp\/v2\/posts\/36624\/revisions\/36628"}],"wp:attachment":[{"href":"https:\/\/www.sudoestehoje.com.br\/novoportal\/wp-json\/wp\/v2\/media?parent=36624"}],"wp:term":[{"taxonomy":"category","embeddable":true,"href":"https:\/\/www.sudoestehoje.com.br\/novoportal\/wp-json\/wp\/v2\/categories?post=36624"},{"taxonomy":"post_tag","embeddable":true,"href":"https:\/\/www.sudoestehoje.com.br\/novoportal\/wp-json\/wp\/v2\/tags?post=36624"}],"curies":[{"name":"wp","href":"https:\/\/api.w.org\/{rel}","templated":true}]}}