
{"id":36614,"date":"2014-05-06T00:29:42","date_gmt":"2014-05-06T03:29:42","guid":{"rendered":"http:\/\/www.sudoestehoje.com.br\/novoportal\/?p=36614"},"modified":"2014-05-06T00:29:42","modified_gmt":"2014-05-06T03:29:42","slug":"jacare-solto-na-lagoa","status":"publish","type":"post","link":"https:\/\/www.sudoestehoje.com.br\/novoportal\/2014\/05\/06\/jacare-solto-na-lagoa\/","title":{"rendered":"JACAR\u00c9 SOLTO NA LAGOA"},"content":{"rendered":"<p><a href=\"http:\/\/www.sudoestehoje.com.br\/novoportal\/wp-content\/uploads\/2014\/05\/jacar\u00e9-1.jpg\"><img loading=\"lazy\" decoding=\"async\" class=\"aligncenter size-medium wp-image-36615\" alt=\"jacar\u00e9 1\" src=\"http:\/\/www.sudoestehoje.com.br\/novoportal\/wp-content\/uploads\/2014\/05\/jacar\u00e9-1-500x375.jpg\" width=\"500\" height=\"375\" srcset=\"https:\/\/www.sudoestehoje.com.br\/novoportal\/wp-content\/uploads\/2014\/05\/jacar\u00e9-1-500x375.jpg 500w, https:\/\/www.sudoestehoje.com.br\/novoportal\/wp-content\/uploads\/2014\/05\/jacar\u00e9-1-700x525.jpg 700w, https:\/\/www.sudoestehoje.com.br\/novoportal\/wp-content\/uploads\/2014\/05\/jacar\u00e9-1.jpg 960w\" sizes=\"auto, (max-width: 500px) 100vw, 500px\" \/><\/a><\/p>\n<p>ITAPETINGA: esta segunda-feira, mais um enorme jacar\u00e9 foi fotografado nas margens do Parque Poliesportivo da Lagoa, o que assustou quem passava pelo local. Esta n\u00e3o \u00e9 a primeira vez que um bicho deste porte \u00e9 visto no local, e nenhuma provid\u00eancia foi adotada pela prefeitura, para retir\u00e1-los, definitivamente, do parque p\u00fablico, que \u00e9 frequentado por um grande n\u00famero de pessoas, na sua maioria, crian\u00e7as. Esta \u00e9 uma boa oportunidade para \u00a0o Minist\u00e9rio P\u00fablico atuar, determinando a retirada dos jacar\u00e9s da lagoa, antes que algu\u00e9m seja atacado.<\/p>\n<p><a href=\"http:\/\/www.sudoestehoje.com.br\/novoportal\/wp-content\/uploads\/2014\/05\/jacar\u00e9-2.jpg\"><img loading=\"lazy\" decoding=\"async\" class=\"aligncenter size-medium wp-image-36616\" alt=\"jacar\u00e9 2\" src=\"http:\/\/www.sudoestehoje.com.br\/novoportal\/wp-content\/uploads\/2014\/05\/jacar\u00e9-2-500x375.jpg\" width=\"500\" height=\"375\" srcset=\"https:\/\/www.sudoestehoje.com.br\/novoportal\/wp-content\/uploads\/2014\/05\/jacar\u00e9-2-500x375.jpg 500w, https:\/\/www.sudoestehoje.com.br\/novoportal\/wp-content\/uploads\/2014\/05\/jacar\u00e9-2-700x525.jpg 700w, https:\/\/www.sudoestehoje.com.br\/novoportal\/wp-content\/uploads\/2014\/05\/jacar\u00e9-2.jpg 960w\" sizes=\"auto, (max-width: 500px) 100vw, 500px\" \/><\/a><\/p>\n<p><strong><em>Por Davi Ferraz<\/em><\/strong><\/p>\n","protected":false},"excerpt":{"rendered":"<p>ITAPETINGA: esta segunda-feira, mais um enorme jacar\u00e9 foi fotografado nas margens do Parque Poliesportivo da Lagoa, o que assustou quem passava pelo local. Esta n\u00e3o \u00e9 a primeira vez que um bicho deste porte \u00e9 visto no local, e nenhuma provid\u00eancia foi adotada pela prefeitura, para retir\u00e1-los, definitivamente, do parque p\u00fablico, que \u00e9 frequentado por [&hellip;]<\/p>\n","protected":false},"author":2,"featured_media":0,"comment_status":"open","ping_status":"open","sticky":false,"template":"","format":"standard","meta":{"footnotes":"","_links_to":"","_links_to_target":""},"categories":[1],"tags":[],"class_list":["post-36614","post","type-post","status-publish","format-standard","hentry","category-geral"],"views":4396,"_links":{"self":[{"href":"https:\/\/www.sudoestehoje.com.br\/novoportal\/wp-json\/wp\/v2\/posts\/36614","targetHints":{"allow":["GET"]}}],"collection":[{"href":"https:\/\/www.sudoestehoje.com.br\/novoportal\/wp-json\/wp\/v2\/posts"}],"about":[{"href":"https:\/\/www.sudoestehoje.com.br\/novoportal\/wp-json\/wp\/v2\/types\/post"}],"author":[{"embeddable":true,"href":"https:\/\/www.sudoestehoje.com.br\/novoportal\/wp-json\/wp\/v2\/users\/2"}],"replies":[{"embeddable":true,"href":"https:\/\/www.sudoestehoje.com.br\/novoportal\/wp-json\/wp\/v2\/comments?post=36614"}],"version-history":[{"count":2,"href":"https:\/\/www.sudoestehoje.com.br\/novoportal\/wp-json\/wp\/v2\/posts\/36614\/revisions"}],"predecessor-version":[{"id":36618,"href":"https:\/\/www.sudoestehoje.com.br\/novoportal\/wp-json\/wp\/v2\/posts\/36614\/revisions\/36618"}],"wp:attachment":[{"href":"https:\/\/www.sudoestehoje.com.br\/novoportal\/wp-json\/wp\/v2\/media?parent=36614"}],"wp:term":[{"taxonomy":"category","embeddable":true,"href":"https:\/\/www.sudoestehoje.com.br\/novoportal\/wp-json\/wp\/v2\/categories?post=36614"},{"taxonomy":"post_tag","embeddable":true,"href":"https:\/\/www.sudoestehoje.com.br\/novoportal\/wp-json\/wp\/v2\/tags?post=36614"}],"curies":[{"name":"wp","href":"https:\/\/api.w.org\/{rel}","templated":true}]}}