
{"id":3660,"date":"2011-02-27T13:09:09","date_gmt":"2011-02-27T16:09:09","guid":{"rendered":"http:\/\/www.sudoestehoje.com.br\/novoportal\/?p=3660"},"modified":"2011-02-27T13:09:09","modified_gmt":"2011-02-27T16:09:09","slug":"a-margem-da-lei","status":"publish","type":"post","link":"https:\/\/www.sudoestehoje.com.br\/novoportal\/2011\/02\/27\/a-margem-da-lei\/","title":{"rendered":"\u00c0 MARGEM DA LEI"},"content":{"rendered":"<p style=\"text-align: center;\"><a id=\"apf10\" href=\"http:\/\/www.google.com.br\/imgres?imgurl=http:\/\/blogdoleunam.files.wordpress.com\/2009\/05\/terra-sem-lei.jpg%3Fw%3D450%26h%3D163&amp;imgrefurl=http:\/\/blogdoleunam.wordpress.com\/2009\/05\/page\/14\/&amp;usg=__QuI7Jm625RbzHT9jI9bM0QwOIZQ=&amp;h=163&amp;w=450&amp;sz=8&amp;hl=pt-br&amp;start=11&amp;zoom=0&amp;itbs=1&amp;tbnid=nAovW5PovvefTM:&amp;tbnh=46&amp;tbnw=127&amp;prev=\/images%3Fq%3Dterra%2Bsem%2Blei%26hl%3Dpt-br%26sa%3DG%26gbv%3D2%26tbs%3Disch:1&amp;ei=C3ZqTZ2bHYa3tgfovcDoAw\"><img loading=\"lazy\" decoding=\"async\" id=\"ipfnAovW5PovvefTM:\" class=\"aligncenter\" src=\"http:\/\/t3.gstatic.com\/images?q=tbn:ANd9GcQtn0PzHT-3x0tzrx6qal6Ces3Pj_kPAJwHoPIb5ew_4xIc24h38w\" alt=\"\" width=\"127\" height=\"46\" \/><\/a><\/p>\n<p>Por voca\u00e7\u00e3o ou, talvez, por incompet\u00eancia, a atual administra\u00e7\u00e3o municipal prefere andar sempre \u00e0 margem da lei, quando seria mais f\u00e1cil e apropriado, seguir os mandamentos legais. Citar as mazelas municipais, a esta altura, seria uma tarefa dif\u00edcil e intermin\u00e1vel, dada a quantidade de vezes em que a lei foi descumprida pelo prefeito Z\u00e9 Carlos e seus &#8216;espertos&#8217; assessores.\u00a0No caso das contrata\u00e7\u00f5es de servidores sem concurso p\u00fablico, por exemplo, a lei foi atropelada dezenas de vezes, para garantir empregos\u00a0a correligion\u00e1rios e cabos eleitorais, nas barbas do MP e da pr\u00f3pria justi\u00e7a, que s\u00f3 agora adotam algumas medidas, ao meu ver, ainda t\u00edmidas.\u00a0Como a oposi\u00e7\u00e3o se esquiva\u00a0da briga, por covardia ou conveni\u00eancia, a turma de Z\u00e9 Carlos deita e rola. T\u00e1 faltando homem na cidade?<\/p>\n","protected":false},"excerpt":{"rendered":"<p>Por voca\u00e7\u00e3o ou, talvez, por incompet\u00eancia, a atual administra\u00e7\u00e3o municipal prefere andar sempre \u00e0 margem da lei, quando seria mais f\u00e1cil e apropriado, seguir os mandamentos legais. Citar as mazelas municipais, a esta altura, seria uma tarefa dif\u00edcil e intermin\u00e1vel, dada a quantidade de vezes em que a lei foi descumprida pelo prefeito Z\u00e9 Carlos [&hellip;]<\/p>\n","protected":false},"author":2,"featured_media":0,"comment_status":"open","ping_status":"open","sticky":false,"template":"","format":"standard","meta":{"footnotes":"","_links_to":"","_links_to_target":""},"categories":[11],"tags":[],"class_list":["post-3660","post","type-post","status-publish","format-standard","hentry","category-quentinhas"],"views":1133,"_links":{"self":[{"href":"https:\/\/www.sudoestehoje.com.br\/novoportal\/wp-json\/wp\/v2\/posts\/3660","targetHints":{"allow":["GET"]}}],"collection":[{"href":"https:\/\/www.sudoestehoje.com.br\/novoportal\/wp-json\/wp\/v2\/posts"}],"about":[{"href":"https:\/\/www.sudoestehoje.com.br\/novoportal\/wp-json\/wp\/v2\/types\/post"}],"author":[{"embeddable":true,"href":"https:\/\/www.sudoestehoje.com.br\/novoportal\/wp-json\/wp\/v2\/users\/2"}],"replies":[{"embeddable":true,"href":"https:\/\/www.sudoestehoje.com.br\/novoportal\/wp-json\/wp\/v2\/comments?post=3660"}],"version-history":[{"count":2,"href":"https:\/\/www.sudoestehoje.com.br\/novoportal\/wp-json\/wp\/v2\/posts\/3660\/revisions"}],"predecessor-version":[{"id":3662,"href":"https:\/\/www.sudoestehoje.com.br\/novoportal\/wp-json\/wp\/v2\/posts\/3660\/revisions\/3662"}],"wp:attachment":[{"href":"https:\/\/www.sudoestehoje.com.br\/novoportal\/wp-json\/wp\/v2\/media?parent=3660"}],"wp:term":[{"taxonomy":"category","embeddable":true,"href":"https:\/\/www.sudoestehoje.com.br\/novoportal\/wp-json\/wp\/v2\/categories?post=3660"},{"taxonomy":"post_tag","embeddable":true,"href":"https:\/\/www.sudoestehoje.com.br\/novoportal\/wp-json\/wp\/v2\/tags?post=3660"}],"curies":[{"name":"wp","href":"https:\/\/api.w.org\/{rel}","templated":true}]}}