
{"id":36582,"date":"2014-05-05T11:01:55","date_gmt":"2014-05-05T14:01:55","guid":{"rendered":"http:\/\/www.sudoestehoje.com.br\/novoportal\/?p=36582"},"modified":"2014-05-06T01:08:42","modified_gmt":"2014-05-06T04:08:42","slug":"davi-ferraz-um-blogueiro-pedra-no-sapato-dos-poderosos","status":"publish","type":"post","link":"https:\/\/www.sudoestehoje.com.br\/novoportal\/2014\/05\/05\/davi-ferraz-um-blogueiro-pedra-no-sapato-dos-poderosos\/","title":{"rendered":"&#8220;DAVI FERRAZ, UM BLOGUEIRO PEDRA NO SAPATO DOS PODEROSOS&#8221;"},"content":{"rendered":"<p><a href=\"http:\/\/www.sudoestehoje.com.br\/novoportal\/wp-content\/uploads\/2014\/05\/david-ferraz-blog.jpg\"><img loading=\"lazy\" decoding=\"async\" class=\"aligncenter size-medium wp-image-36584\" alt=\"david-ferraz-blog\" src=\"http:\/\/www.sudoestehoje.com.br\/novoportal\/wp-content\/uploads\/2014\/05\/david-ferraz-blog-500x357.jpg\" width=\"500\" height=\"357\" srcset=\"https:\/\/www.sudoestehoje.com.br\/novoportal\/wp-content\/uploads\/2014\/05\/david-ferraz-blog-500x357.jpg 500w, https:\/\/www.sudoestehoje.com.br\/novoportal\/wp-content\/uploads\/2014\/05\/david-ferraz-blog.jpg 558w\" sizes=\"auto, (max-width: 500px) 100vw, 500px\" \/><\/a><\/p>\n<p>ITAPETINGA: Neste domingo, o conceituado Blog do F\u00e1bio Sena, de Vit\u00f3ria da Conquista, tr\u00e1s uma mat\u00e9ria relatando o nosso trabalho como editor do Sudoeste Hoje, que vem repercutindo e ganhando for\u00e7a em todo o Estado, nesses 5 anos de exist\u00eancia. Confira, na \u00edntegra, a mat\u00e9ria intitulada <strong><em>&#8220;Davi Ferraz, um blogueiro pedra no sapato dos poderosos&#8221;, <\/em><\/strong>de autoria do jornalista F\u00e1bio Sena:<\/p>\n<p><em>Em uma cidade onde a oposi\u00e7\u00e3o praticamente n\u00e3o existe e na qual o governo atua sem uma fiscaliza\u00e7\u00e3o mais acirrada, a imprensa acaba cumprindo um papel pol\u00edtico e social de oposi\u00e7\u00e3o. \u00c9 o que acontece em Itapetinga, onde o site Sudoeste Hoje tem inviabilizado o sono tranquilo da Administra\u00e7\u00e3o Municipal, do prefeito ao secret\u00e1rio, com acompanhamento de cada ato administrativo, denunciando mazelas e cobrando solu\u00e7\u00f5es. O editor do blog, David Ferraz, advogado por forma\u00e7\u00e3o, recebe diariamente uma enxurrada de improp\u00e9rios \u2013 impublic\u00e1veis \u2013 por ter atra\u00eddo para si a responsabilidade de \u201colhos da na\u00e7\u00e3o\u201d, como queria Rui Barbosa.<!--more--> <\/em><\/p>\n<p><em>E \u00e9 por conhecer por dentro o funcionamento da m\u00e1quina p\u00fablica \u2013 ele j\u00e1 foi vereador, secret\u00e1rio municipal tr\u00eas vezes, foi assessor jur\u00eddico da Prefeitura e da C\u00e2mara, chefe da Ciretran e da ag\u00eancia da Previd\u00eancia Social \u2013 que sua atua\u00e7\u00e3o ganha conte\u00fado pol\u00edtico que os governantes n\u00e3o podem desprezar. E n\u00e3o desprezam. Afinal, privada e publicamente, n\u00e3o falta quem o aborre\u00e7a com amea\u00e7as e xingamentos, o que n\u00e3o o faz retroagir um passo sequer nas den\u00fancias que faz por meio do blog, um dos mais acessados da regi\u00e3o, um dos mais temidos pelos seus desafetos. <\/em><\/p>\n<p><em>O Blog do F\u00e1bio Sena conversou com Davi Ferraz sobre os riscos de sua atividade pol\u00edtico-jornal\u00edstica em Itapetinga e ele, com a franqueza caracter\u00edstica, afirmou: \u201cTem dias que eu acho que sou louco\u201d. Tudo para demonstrar que o blog vem cumprindo seu papel, mas despertado \u00f3dio nos governantes. \u201cQuando fizemos o blog foi se propondo a denunciar coisas que acontecem na Prefeitura e na C\u00e2mara Municipal. Isso tem despertado um \u00f3dio muito grande do pessoal da situa\u00e7\u00e3o, porque meu blog \u00e9 independente, n\u00e3o tenho compromisso partid\u00e1rio com ningu\u00e9m, denuncio o que foi necess\u00e1rio denunciar, as mazelas do poder, e isso incomoda\u201d. <\/em><\/p>\n<p><em>Assim, atuando t\u00e3o fortemente na den\u00fancia di\u00e1ria \u2013 dizem que ele j\u00e1 derrubou quase todos os secret\u00e1rios da administra\u00e7\u00e3o petista \u2013 n\u00e3o \u00e9 de estranhar que o taxem de membro da oposi\u00e7\u00e3o, condi\u00e7\u00e3o que ele n\u00e3o absorve. \u201cA gente passa a ser olhado de forma diferente, muitos n\u00e3o gostam, tem gente que diz l\u00e1 que eu sou a oposi\u00e7\u00e3o. N\u00e3o sou vinculado a nenhum partido. Fa\u00e7o coisas que, talvez, n\u00e3o fosse da imprensa, que seria dos partidos. Mas ajudo a despertar isso. O pessoal da oposi\u00e7\u00e3o est\u00e1 mais consciente dos problemas da cidade, mas Itapetinga \u00e9 uma cidade que tem muita mazela, muita corrup\u00e7\u00e3o, muita mesmo, e isso n\u00e3o passa despercebido pelo meu blog. A gente acaba pagando por isso. N\u00e3o sei se \u00e9 coragem ou o que \u00e9: tem dias que eu acho que sou louco\u201d. <\/em><\/p>\n<p><em>A vida de blogueiro de Davi Ferraz \u00e9 dividida entre o colher not\u00edcias e defender-se dos ataques que sofre dos poderosos. \u201cQuando n\u00e3o t\u00eam resposta para uma den\u00fancia, tentam desqualificar quem denunciou. \u00c9 a estrat\u00e9gia que eles usam. Mas tenho uma coisa a meu favor: participei 25 anos da Administra\u00e7\u00e3o P\u00fablica e ando de cabe\u00e7a erguida. Nenhum deles jamais disse que fui desonesto. Fui chefe de Ciretran, chefe da ag\u00eancia da Previd\u00eancia Social, chefe de gabinete, assessor jur\u00eddico da Prefeitura e da C\u00e2mara. Eu exponho todas as mazelas deles. Mas \u00e9 preciso fazer. Se eu recuar, fico desmoralizado. O caminho j\u00e1 foi tra\u00e7ado e sigo at\u00e9 o fim. J\u00e1 houve agress\u00e3o, j\u00e1 houve amea\u00e7a, pol\u00edticos amea\u00e7ando, vereador falando bobagem em r\u00e1dio, pessoas tentando desqualificar\u201d.\u00a0<\/em><\/p>\n","protected":false},"excerpt":{"rendered":"<p>ITAPETINGA: Neste domingo, o conceituado Blog do F\u00e1bio Sena, de Vit\u00f3ria da Conquista, tr\u00e1s uma mat\u00e9ria relatando o nosso trabalho como editor do Sudoeste Hoje, que vem repercutindo e ganhando for\u00e7a em todo o Estado, nesses 5 anos de exist\u00eancia. Confira, na \u00edntegra, a mat\u00e9ria intitulada &#8220;Davi Ferraz, um blogueiro pedra no sapato dos poderosos&#8221;, [&hellip;]<\/p>\n","protected":false},"author":2,"featured_media":0,"comment_status":"open","ping_status":"open","sticky":false,"template":"","format":"standard","meta":{"footnotes":"","_links_to":"","_links_to_target":""},"categories":[1],"tags":[],"class_list":["post-36582","post","type-post","status-publish","format-standard","hentry","category-geral"],"views":1635,"_links":{"self":[{"href":"https:\/\/www.sudoestehoje.com.br\/novoportal\/wp-json\/wp\/v2\/posts\/36582","targetHints":{"allow":["GET"]}}],"collection":[{"href":"https:\/\/www.sudoestehoje.com.br\/novoportal\/wp-json\/wp\/v2\/posts"}],"about":[{"href":"https:\/\/www.sudoestehoje.com.br\/novoportal\/wp-json\/wp\/v2\/types\/post"}],"author":[{"embeddable":true,"href":"https:\/\/www.sudoestehoje.com.br\/novoportal\/wp-json\/wp\/v2\/users\/2"}],"replies":[{"embeddable":true,"href":"https:\/\/www.sudoestehoje.com.br\/novoportal\/wp-json\/wp\/v2\/comments?post=36582"}],"version-history":[{"count":8,"href":"https:\/\/www.sudoestehoje.com.br\/novoportal\/wp-json\/wp\/v2\/posts\/36582\/revisions"}],"predecessor-version":[{"id":36619,"href":"https:\/\/www.sudoestehoje.com.br\/novoportal\/wp-json\/wp\/v2\/posts\/36582\/revisions\/36619"}],"wp:attachment":[{"href":"https:\/\/www.sudoestehoje.com.br\/novoportal\/wp-json\/wp\/v2\/media?parent=36582"}],"wp:term":[{"taxonomy":"category","embeddable":true,"href":"https:\/\/www.sudoestehoje.com.br\/novoportal\/wp-json\/wp\/v2\/categories?post=36582"},{"taxonomy":"post_tag","embeddable":true,"href":"https:\/\/www.sudoestehoje.com.br\/novoportal\/wp-json\/wp\/v2\/tags?post=36582"}],"curies":[{"name":"wp","href":"https:\/\/api.w.org\/{rel}","templated":true}]}}